{"id":18184,"date":"2025-06-20T12:42:43","date_gmt":"2025-06-20T10:42:43","guid":{"rendered":"https:\/\/entretormentas.com\/?p=18184"},"modified":"2025-06-20T12:42:43","modified_gmt":"2025-06-20T10:42:43","slug":"gustavo-fernandez-la-ruta-para-seguir-avanzando-en-el-municipio-es-la-electoral","status":"publish","type":"post","link":"https:\/\/entretormentas.com\/gustavo-fernandez-la-ruta-para-seguir-avanzando-en-el-municipio-es-la-electoral\/","title":{"rendered":"GUSTAVO FERN\u00c1NDEZ: \u00abLa ruta para seguir avanzando en el municipio es la electoral\u00bb"},"content":{"rendered":"\n<p><strong>ENTRE TORMENTAS. <\/strong>El alcalde Gustavo Fern\u00e1ndez, en la ma\u00f1ana de este jueves, a trav\u00e9s de su intervenci\u00f3n como invitado en el programa 100% Noticias, moderado por Gabriel Sthormes, Gustavo Vecino, y Guillermo Reverol, dej\u00f3 clara su posici\u00f3n con respecto a los pr\u00f3ximos comicios electorales a celebrarse el 27 de julio de 2025.<\/p>\n\n\n\n<p>Fern\u00e1ndez, tambi\u00e9n candidato a la reelecci\u00f3n, se\u00f1al\u00f3 que no puede dejar de participar, porque San Francisco cambi\u00f3 por el bien de todos los ciudadanos. \u00abLa gente en San Francisco entendi\u00f3 que la ruta para seguir avanzando en el municipio, es la electoral, hoy estoy convencido de que en San Francisco vivimos mejor\u201c.<\/p>\n\n\n\n<figure class=\"wp-block-image size-large\"><img fetchpriority=\"high\" decoding=\"async\" width=\"768\" height=\"1024\" src=\"https:\/\/entretormentas.com\/wp-content\/uploads\/2025\/06\/gf1002-768x1024.jpeg\" alt=\"\" class=\"wp-image-18185\" srcset=\"https:\/\/entretormentas.com\/wp-content\/uploads\/2025\/06\/gf1002-768x1024.jpeg 768w, https:\/\/entretormentas.com\/wp-content\/uploads\/2025\/06\/gf1002-225x300.jpeg 225w, https:\/\/entretormentas.com\/wp-content\/uploads\/2025\/06\/gf1002.jpeg 960w\" sizes=\"(max-width: 768px) 100vw, 768px\" \/><\/figure>\n\n\n\n<p>Adem\u00e1s, Fern\u00e1ndez determin\u00f3 que es importante salir a votar en las venideras elecciones. \u201cHay que salir a votar, hay que salir a sumar voluntades, hay que ir casa por casa, el caminar por los sectores, los barrios, decirle a los ciudadanos, las razones por las que hay que participar, hay que trabajar las 24 horas, hay que hacerlo\u201d, insisti\u00f3.<\/p>\n\n\n\n<p>Aunado a esto, Fern\u00e1ndez manifest\u00f3 que se ha venido reuniendo con los distintos partidos pol\u00edticos con el fin de mantener la unidad y la maquinaria activa. \u00abEstamos 100% preparados, aunque lo importante es tener un testigo, un coordinador en cada centro, movilizadores, eso es muy importante, pero tambi\u00e9n es importante la participaci\u00f3n de la gente\u00bb.<\/p>\n\n\n\n<p>Gustavo Fern\u00e1ndez reconoci\u00f3 que en esta oportunidad hay ciudadanos que no quieren participar y es en donde la maquinaria debe actuar, \u00abdebemos llegarle a la gente y motivarla a participar y eso se convierte en n\u00fameros positivos, para que se logre el objetivo, se tiene un equipo de los mismos partidos pol\u00edticos, concejales, todos los miembros que est\u00e1n en las diferentes dependencias, y j\u00f3venes trabajando\u00bb, destac\u00f3.<\/p>\n\n\n\n<figure class=\"wp-block-image size-large\"><img decoding=\"async\" width=\"1024\" height=\"768\" src=\"https:\/\/entretormentas.com\/wp-content\/uploads\/2025\/06\/gf1003-1024x768.jpeg\" alt=\"\" class=\"wp-image-18186\" srcset=\"https:\/\/entretormentas.com\/wp-content\/uploads\/2025\/06\/gf1003-1024x768.jpeg 1024w, https:\/\/entretormentas.com\/wp-content\/uploads\/2025\/06\/gf1003-300x225.jpeg 300w, https:\/\/entretormentas.com\/wp-content\/uploads\/2025\/06\/gf1003-768x576.jpeg 768w, https:\/\/entretormentas.com\/wp-content\/uploads\/2025\/06\/gf1003.jpeg 1280w\" sizes=\"(max-width: 1024px) 100vw, 1024px\" \/><\/figure>\n\n\n\n<p>Fern\u00e1ndez M\u00e9ndez destac\u00f3 que el d\u00eda de hoy se realizar\u00e1 una misa de acci\u00f3n de gracias en la Iglesia del Padre V\u00edlchez, y luego viene un encuentro con los j\u00f3venes de San Francisco, \u00abya que son un punto de honor para nosotros. Es por ello que hay muchos j\u00f3venes en las planchas, porque ellos tienen un compromiso con San Francisco y es participar\u201d.<\/p>\n\n\n\n<p>\u201cA mis amigos y colegas periodistas que hacen usos todos los d\u00edas de los medios, les pido la colaboraci\u00f3n, tenemos que convencer a la gente con argumentos y a todos aquellos que est\u00e1n a favor de la abstenci\u00f3n, hay que decirles hermano est\u00e1is equivocado y la historia nos dar\u00e1 la raz\u00f3n\u201d, insisti\u00f3 el mandatario sure\u00f1o.<\/p>\n\n\n\n<p>Por \u00faltimo, Fern\u00e1ndez dej\u00f3 una interrogante al aire, buscando llevar a los ciudadanos a un momento de reflexi\u00f3n. \u201c\u00bfEl Zulia merec\u00eda perder a Manuel Rosales?, sigamos avanzando porque el Zulia tiene m\u00e1s futuro que pasado\u00bb.<br><strong><em>ET \/ Nota de Prensa<\/em><\/strong><\/p>\n\n\n\n<p><\/p>\n","protected":false},"excerpt":{"rendered":"<p>ENTRE TORMENTAS. El alcalde Gustavo Fern\u00e1ndez, en la ma\u00f1ana de este jueves, a trav\u00e9s de&#8230;<\/p>\n","protected":false},"author":2,"featured_media":18187,"comment_status":"closed","ping_status":"open","sticky":false,"template":"","format":"standard","meta":{"footnotes":""},"categories":[56,1],"tags":[],"class_list":["post-18184","post","type-post","status-publish","format-standard","has-post-thumbnail","hentry","category-destacadas","category-regionales"],"_links":{"self":[{"href":"https:\/\/entretormentas.com\/index.php?rest_route=\/wp\/v2\/posts\/18184","targetHints":{"allow":["GET"]}}],"collection":[{"href":"https:\/\/entretormentas.com\/index.php?rest_route=\/wp\/v2\/posts"}],"about":[{"href":"https:\/\/entretormentas.com\/index.php?rest_route=\/wp\/v2\/types\/post"}],"author":[{"embeddable":true,"href":"https:\/\/entretormentas.com\/index.php?rest_route=\/wp\/v2\/users\/2"}],"replies":[{"embeddable":true,"href":"https:\/\/entretormentas.com\/index.php?rest_route=%2Fwp%2Fv2%2Fcomments&post=18184"}],"version-history":[{"count":1,"href":"https:\/\/entretormentas.com\/index.php?rest_route=\/wp\/v2\/posts\/18184\/revisions"}],"predecessor-version":[{"id":18188,"href":"https:\/\/entretormentas.com\/index.php?rest_route=\/wp\/v2\/posts\/18184\/revisions\/18188"}],"wp:featuredmedia":[{"embeddable":true,"href":"https:\/\/entretormentas.com\/index.php?rest_route=\/wp\/v2\/media\/18187"}],"wp:attachment":[{"href":"https:\/\/entretormentas.com\/index.php?rest_route=%2Fwp%2Fv2%2Fmedia&parent=18184"}],"wp:term":[{"taxonomy":"category","embeddable":true,"href":"https:\/\/entretormentas.com\/index.php?rest_route=%2Fwp%2Fv2%2Fcategories&post=18184"},{"taxonomy":"post_tag","embeddable":true,"href":"https:\/\/entretormentas.com\/index.php?rest_route=%2Fwp%2Fv2%2Ftags&post=18184"}],"curies":[{"name":"wp","href":"https:\/\/api.w.org\/{rel}","templated":true}]}}