{"id":18189,"date":"2025-06-20T12:46:13","date_gmt":"2025-06-20T10:46:13","guid":{"rendered":"https:\/\/entretormentas.com\/?p=18189"},"modified":"2025-06-20T12:46:13","modified_gmt":"2025-06-20T10:46:13","slug":"segun-cabello-rodrigo-cabezas-vinculado-con-planes-desestabilizadores-del-dolar-paralelo","status":"publish","type":"post","link":"https:\/\/entretormentas.com\/segun-cabello-rodrigo-cabezas-vinculado-con-planes-desestabilizadores-del-dolar-paralelo\/","title":{"rendered":"\u00a1SEG\u00daN CABELLO! Rodrigo Cabezas vinculado con \u201cplanes desestabilizadores\u201d del d\u00f3lar paralelo"},"content":{"rendered":"\n<p><strong>ENTRE TORMENTAS.<\/strong> El vicepresidente Sectorial de Pol\u00edtica, Seguridad Ciudadana y Paz, Diosdado Cabello, hizo menci\u00f3n de la reciente detenci\u00f3n del exministro de Finanzas Rodrigo Cabezas en Maracaibo. Durante su programa televisivo, Con el mazo dando, vincul\u00f3 al disidente del chavismo con planes \u201cdesestabilizadores\u201d.<\/p>\n\n\n\n<p>Asegur\u00f3 que Cabezas \u201cmaneja informaci\u00f3n\u201d sobre Mar\u00eda Corina Machado. \u201cLa sayo no duerme porque sabe que Rodrigo maneja mucha informaci\u00f3n de c\u00f3mo estaba conformada la red de los comanditos terroristas de Vente Venezuela en el Zulia\u201d, destac\u00f3.<\/p>\n\n\n\n<p>\u201cEl tipo tambi\u00e9n sabe del plan de Mar\u00eda Corina para desestabilizar el occidente del pa\u00eds y de su relaci\u00f3n con los narcocamaroneros que operaban en la regi\u00f3n\u201d, apunt\u00f3 Cabello.<\/p>\n\n\n\n<figure class=\"wp-block-image size-full\"><img fetchpriority=\"high\" decoding=\"async\" width=\"768\" height=\"488\" src=\"https:\/\/entretormentas.com\/wp-content\/uploads\/2025\/06\/rc2.jpeg\" alt=\"\" class=\"wp-image-18190\" srcset=\"https:\/\/entretormentas.com\/wp-content\/uploads\/2025\/06\/rc2.jpeg 768w, https:\/\/entretormentas.com\/wp-content\/uploads\/2025\/06\/rc2-300x191.jpeg 300w\" sizes=\"(max-width: 768px) 100vw, 768px\" \/><\/figure>\n\n\n\n<p>El tambi\u00e9n Ministro de Interior relacion\u00f3 a Cabezas con la \u201cdesestabilizaci\u00f3n\u201d de la econom\u00eda por los portales web que sol\u00edan difundir la tasa del d\u00f3lar \u201cparalelo\u201d. \u201cOtra informaci\u00f3n que se dice que tiene Rodrigo Cabezas es sobre los personajes financistas que operan en los portales que son utilizados para desestabilizar la tasa del d\u00f3lar en el pa\u00eds, plataforma que tambi\u00e9n controla y obedece a Mar\u00eda Corina\u201d.<\/p>\n\n\n\n<p>Por \u00faltimo, Cabello dijo que la detenci\u00f3n del economista se habr\u00eda ejecutado luego de que el opositor y recientemente aprehendido, Juan Pablo Guanipa lo habr\u00eda \u201cdelatado\u201d.<\/p>\n\n\n\n<p>\u201cFue el mismo Juan pablo Guanipa, alias teque\u00f1o crudo, quien en un interrogatorio delat\u00f3 a Rodrigo Cabezas como principales asesores econ\u00f3micos de Mar\u00eda Corina Machado y quien le daba ideas para conspirar contra la econom\u00eda del pa\u00eds\u201d, asegur\u00f3 Diosdado.<\/p>\n\n\n\n<p>Pese a que no detall\u00f3 cu\u00e1l es el centro de reclusi\u00f3n de Cabezas, s\u00ed asegur\u00f3 que las autoridades hicieron una revisi\u00f3n de su celular. \u201cEn el celular de Rodrigo cabezas hab\u00eda m\u00e1s informaci\u00f3n que en un disco duro de la Nasa\u201d, agreg\u00f3 Cabello.<br><strong><em>ET \/ Agencias<\/em><\/strong><\/p>\n\n\n\n<p><\/p>\n","protected":false},"excerpt":{"rendered":"<p>ENTRE TORMENTAS. El vicepresidente Sectorial de Pol\u00edtica, Seguridad Ciudadana y Paz, Diosdado Cabello, hizo menci\u00f3n&#8230;<\/p>\n","protected":false},"author":2,"featured_media":18191,"comment_status":"closed","ping_status":"open","sticky":false,"template":"","format":"standard","meta":{"footnotes":""},"categories":[56,49],"tags":[],"class_list":["post-18189","post","type-post","status-publish","format-standard","has-post-thumbnail","hentry","category-destacadas","category-nacionales"],"_links":{"self":[{"href":"https:\/\/entretormentas.com\/index.php?rest_route=\/wp\/v2\/posts\/18189","targetHints":{"allow":["GET"]}}],"collection":[{"href":"https:\/\/entretormentas.com\/index.php?rest_route=\/wp\/v2\/posts"}],"about":[{"href":"https:\/\/entretormentas.com\/index.php?rest_route=\/wp\/v2\/types\/post"}],"author":[{"embeddable":true,"href":"https:\/\/entretormentas.com\/index.php?rest_route=\/wp\/v2\/users\/2"}],"replies":[{"embeddable":true,"href":"https:\/\/entretormentas.com\/index.php?rest_route=%2Fwp%2Fv2%2Fcomments&post=18189"}],"version-history":[{"count":1,"href":"https:\/\/entretormentas.com\/index.php?rest_route=\/wp\/v2\/posts\/18189\/revisions"}],"predecessor-version":[{"id":18192,"href":"https:\/\/entretormentas.com\/index.php?rest_route=\/wp\/v2\/posts\/18189\/revisions\/18192"}],"wp:featuredmedia":[{"embeddable":true,"href":"https:\/\/entretormentas.com\/index.php?rest_route=\/wp\/v2\/media\/18191"}],"wp:attachment":[{"href":"https:\/\/entretormentas.com\/index.php?rest_route=%2Fwp%2Fv2%2Fmedia&parent=18189"}],"wp:term":[{"taxonomy":"category","embeddable":true,"href":"https:\/\/entretormentas.com\/index.php?rest_route=%2Fwp%2Fv2%2Fcategories&post=18189"},{"taxonomy":"post_tag","embeddable":true,"href":"https:\/\/entretormentas.com\/index.php?rest_route=%2Fwp%2Fv2%2Ftags&post=18189"}],"curies":[{"name":"wp","href":"https:\/\/api.w.org\/{rel}","templated":true}]}}