{"id":18193,"date":"2025-06-20T12:51:58","date_gmt":"2025-06-20T10:51:58","guid":{"rendered":"https:\/\/entretormentas.com\/?p=18193"},"modified":"2025-06-20T12:51:58","modified_gmt":"2025-06-20T10:51:58","slug":"compromiso-gobernacion-del-zulia-y-corpolec-produciran-500-transformadores-por-mes","status":"publish","type":"post","link":"https:\/\/entretormentas.com\/compromiso-gobernacion-del-zulia-y-corpolec-produciran-500-transformadores-por-mes\/","title":{"rendered":"\u00a1COMPROMISO! Gobernaci\u00f3n del Zulia y Corpolec producir\u00e1n 500 transformadores por mes"},"content":{"rendered":"\n<p><strong>ENTRE TORMENTAS.<\/strong> Con el objetivo de resolver la demanda de transformadores en el estado Zulia, este jueves 19 de junio tuvo lugar un convenimiento entre el Gobierno regional y la Corporaci\u00f3n El\u00e9ctrica Nacional (Corpoelec), el cual establece la producci\u00f3n y repotenciaci\u00f3n de unos 500 de estos convertidores el\u00e9ctricos. Iniciando as\u00ed el Plan Electricidad Zulia 2025.<\/p>\n\n\n\n<p>El anuncio lo hizo el gobernador de la entidad, Luis Caldera, en las instalaciones de Corpoelec en Maracaibo, donde hizo entrega de los primeros 70 transformadores, acompa\u00f1ado del gerente territorial de la estatal el\u00e9ctrica en el Zulia, Gral. Edgar Monsalve; el candidato por el Gran Polo Patri\u00f3tico Sim\u00f3n Bol\u00edvar (GPPSB) a la Alcald\u00eda de Maracaibo, Gian Carlo Di Martino; gerentes, legisladores y el Poder Popular.<\/p>\n\n\n\n<figure class=\"wp-block-image size-large\"><img fetchpriority=\"high\" decoding=\"async\" width=\"1024\" height=\"683\" src=\"https:\/\/entretormentas.com\/wp-content\/uploads\/2025\/06\/transformadores2-1024x683.jpeg\" alt=\"\" class=\"wp-image-18194\" srcset=\"https:\/\/entretormentas.com\/wp-content\/uploads\/2025\/06\/transformadores2-1024x683.jpeg 1024w, https:\/\/entretormentas.com\/wp-content\/uploads\/2025\/06\/transformadores2-300x200.jpeg 300w, https:\/\/entretormentas.com\/wp-content\/uploads\/2025\/06\/transformadores2-768x512.jpeg 768w, https:\/\/entretormentas.com\/wp-content\/uploads\/2025\/06\/transformadores2.jpeg 1280w\" sizes=\"(max-width: 1024px) 100vw, 1024px\" \/><\/figure>\n\n\n\n<p>Explic\u00f3 que se tiene prevista la producci\u00f3n de 120 equipos a la semana, con una meta de 500 al mes, solo con Corpoelec, lo cual ser\u00e1 complementado con otros convenios que establecer\u00e1 con empresas privadas, para resolver este a\u00f1o 2025 la demanda.<\/p>\n\n\n\n<p>\u201cEsta es una instrucci\u00f3n del presidente Nicol\u00e1s Maduro, de nuestro vicepresidente Sectorial de Obras P\u00fablicas y Servicios, MG Jorge M\u00e1rquez. Todo el equipo de la Gobernaci\u00f3n Bolivariana del estado Zulia se une a Corpoelec en esta batalla, para garantizar un servicio el\u00e9ctrico eficiente\u201d, manifest\u00f3.<\/p>\n\n\n\n<p>Dentro del acuerdo suscrito, la Gobernaci\u00f3n Bolivariana puso a disposici\u00f3n de la empresa nacional de electricidad 12 camiones, 10 de ellos tipo cesta y 2 tipo gr\u00faa, automotores imprescindibles para la atenci\u00f3n de reclamos y aver\u00edas y que estar\u00e1n activados en Maracaibo, San Francisco y otras jurisdicciones.<\/p>\n\n\n\n<figure class=\"wp-block-image size-large\"><img decoding=\"async\" width=\"1024\" height=\"686\" src=\"https:\/\/entretormentas.com\/wp-content\/uploads\/2025\/06\/transformadores4-1024x686.jpeg\" alt=\"\" class=\"wp-image-18195\" srcset=\"https:\/\/entretormentas.com\/wp-content\/uploads\/2025\/06\/transformadores4-1024x686.jpeg 1024w, https:\/\/entretormentas.com\/wp-content\/uploads\/2025\/06\/transformadores4-300x201.jpeg 300w, https:\/\/entretormentas.com\/wp-content\/uploads\/2025\/06\/transformadores4-768x515.jpeg 768w, https:\/\/entretormentas.com\/wp-content\/uploads\/2025\/06\/transformadores4.jpeg 1280w\" sizes=\"(max-width: 1024px) 100vw, 1024px\" \/><\/figure>\n\n\n\n<p>El mandatario regional inform\u00f3 que la otra fase en materia de electricidad, es la repotenciaci\u00f3n de los veh\u00edculos de los centros de servicios y la campa\u00f1a de ahorro energ\u00e9tico. En este sentido refiri\u00f3 que se incorporar\u00e1 a los zulianos en esta campa\u00f1a y en el plan nacional de uso de energ\u00eda alternativa.<\/p>\n\n\n\n<p>\u201cPara el Gobierno Bolivariano del Zulia, la electricidad tambi\u00e9n es una prioridad\u201d, acentu\u00f3 el gobernador Caldera.<br><strong><em>ET \/ Nota de Prensa<\/em><\/strong><\/p>\n","protected":false},"excerpt":{"rendered":"<p>ENTRE TORMENTAS. Con el objetivo de resolver la demanda de transformadores en el estado Zulia,&#8230;<\/p>\n","protected":false},"author":2,"featured_media":18196,"comment_status":"closed","ping_status":"open","sticky":false,"template":"","format":"standard","meta":{"footnotes":""},"categories":[56,1],"tags":[],"class_list":["post-18193","post","type-post","status-publish","format-standard","has-post-thumbnail","hentry","category-destacadas","category-regionales"],"_links":{"self":[{"href":"https:\/\/entretormentas.com\/index.php?rest_route=\/wp\/v2\/posts\/18193","targetHints":{"allow":["GET"]}}],"collection":[{"href":"https:\/\/entretormentas.com\/index.php?rest_route=\/wp\/v2\/posts"}],"about":[{"href":"https:\/\/entretormentas.com\/index.php?rest_route=\/wp\/v2\/types\/post"}],"author":[{"embeddable":true,"href":"https:\/\/entretormentas.com\/index.php?rest_route=\/wp\/v2\/users\/2"}],"replies":[{"embeddable":true,"href":"https:\/\/entretormentas.com\/index.php?rest_route=%2Fwp%2Fv2%2Fcomments&post=18193"}],"version-history":[{"count":1,"href":"https:\/\/entretormentas.com\/index.php?rest_route=\/wp\/v2\/posts\/18193\/revisions"}],"predecessor-version":[{"id":18197,"href":"https:\/\/entretormentas.com\/index.php?rest_route=\/wp\/v2\/posts\/18193\/revisions\/18197"}],"wp:featuredmedia":[{"embeddable":true,"href":"https:\/\/entretormentas.com\/index.php?rest_route=\/wp\/v2\/media\/18196"}],"wp:attachment":[{"href":"https:\/\/entretormentas.com\/index.php?rest_route=%2Fwp%2Fv2%2Fmedia&parent=18193"}],"wp:term":[{"taxonomy":"category","embeddable":true,"href":"https:\/\/entretormentas.com\/index.php?rest_route=%2Fwp%2Fv2%2Fcategories&post=18193"},{"taxonomy":"post_tag","embeddable":true,"href":"https:\/\/entretormentas.com\/index.php?rest_route=%2Fwp%2Fv2%2Ftags&post=18193"}],"curies":[{"name":"wp","href":"https:\/\/api.w.org\/{rel}","templated":true}]}}