{"id":18198,"date":"2025-06-21T12:01:27","date_gmt":"2025-06-21T10:01:27","guid":{"rendered":"https:\/\/entretormentas.com\/?p=18198"},"modified":"2025-06-21T12:01:28","modified_gmt":"2025-06-21T10:01:28","slug":"en-armonia-el-clez-designa-comisiones-permanentes-para-continuidad-del-periodo-2025-26","status":"publish","type":"post","link":"https:\/\/entretormentas.com\/en-armonia-el-clez-designa-comisiones-permanentes-para-continuidad-del-periodo-2025-26\/","title":{"rendered":"\u00a1EN ARMON\u00cdA! El Clez designa comisiones permanentes para continuidad del periodo 2025-26"},"content":{"rendered":"\n<p><br>\u200e<strong>ENTRE TORMENTAS. <\/strong>En sesi\u00f3n especial realizada este viernes 20 de junio, y de conformidad al art\u00edculo N\u00b0 22 numeral 9 de la Ley Org\u00e1nica de los Consejos Legislativos de los Estados y del N\u00b0 28 del mismo, al igual que el Art\u00edculo N\u00b0 63 numeral 9, N\u00b0 99 y N\u00b0 104 del reglamento de Interior y de Debate, El Consejo Legislativo del estado Zulia (Clez), hizo nombramiento de las legisladoras y legisladores que conformar\u00e1n las diferentes comisiones permanentes para darle continuidad al periodo constitucional 2025-26.<br>\u200e<br>\u200eEn consecuencia, la Comisi\u00f3n de Participaci\u00f3n Pol\u00edtica y Derechos Humanos, ser\u00e1 presidida por el legislador Jos\u00e9 Sierra, como vicepresidente estar\u00e1 el parlamentario Alberto Hern\u00e1ndez y como miembro fungir\u00e1 la legisladora Maribel Brice\u00f1o.<\/p>\n\n\n\n<figure class=\"wp-block-image size-large\"><img fetchpriority=\"high\" decoding=\"async\" width=\"1024\" height=\"768\" src=\"https:\/\/entretormentas.com\/wp-content\/uploads\/2025\/06\/clezu2-1024x768.jpeg\" alt=\"\" class=\"wp-image-18199\" srcset=\"https:\/\/entretormentas.com\/wp-content\/uploads\/2025\/06\/clezu2-1024x768.jpeg 1024w, https:\/\/entretormentas.com\/wp-content\/uploads\/2025\/06\/clezu2-300x225.jpeg 300w, https:\/\/entretormentas.com\/wp-content\/uploads\/2025\/06\/clezu2-768x576.jpeg 768w, https:\/\/entretormentas.com\/wp-content\/uploads\/2025\/06\/clezu2.jpeg 1280w\" sizes=\"(max-width: 1024px) 100vw, 1024px\" \/><\/figure>\n\n\n\n<p><br>De Igual manera, la Comisi\u00f3n para el Control, Administraci\u00f3n y Servicios, tendr\u00e1 como presidente al parlamentario Enmanuel Pulgar, como vicepresidente al legislador Francisco Colmenares y como miembro al parlamentario Edgar Ant\u00fanez.<br>\u200e<br>\u200eLa Comisi\u00f3n de Econom\u00eda, Finanzas, Planificaci\u00f3n y Desarrollo del Estado, result\u00f3 conformada por el legislador Heberth Ch\u00e1vez como presidente, el parlamentario Alberto Hern\u00e1ndez como vicepresidente y la legisladora Jos\u00e9 Sierra como miembro.<br>\u200e<br>\u200ePor su parte, la Comisi\u00f3n en Materia Laboral, Desarrollo Productivo e Industrial, Agrario, Social, Salud y contra el Uso Indebido de las Drogas, estar\u00e1 presidida por el legislador Bladimiro Colina, el parlamentario Francisco Colmenares ser\u00e1 el vicepresidente y la figura del miembro recay\u00f3 en el legislador Heberth Ch\u00e1vez.<br>\u200e<br>\u200eDe igual manera, la Comisi\u00f3n de Educaci\u00f3n, Cultura, Deportes, Asuntos Sociales y Comunales y de Protecci\u00f3n del Ni\u00f1o, Ni\u00f1a, Adolescente y la Mujer, tendr\u00e1 al frente como presidenta a la legisladora Iraida Villasmil, como vicepresidenta la parlamentaria Egda Vilchez y como miembro la legisladora Lisbeth Rodr\u00edguez.<\/p>\n\n\n\n<figure class=\"wp-block-image size-large\"><img decoding=\"async\" width=\"1024\" height=\"768\" src=\"https:\/\/entretormentas.com\/wp-content\/uploads\/2025\/06\/clezu3-1024x768.jpeg\" alt=\"\" class=\"wp-image-18200\" srcset=\"https:\/\/entretormentas.com\/wp-content\/uploads\/2025\/06\/clezu3-1024x768.jpeg 1024w, https:\/\/entretormentas.com\/wp-content\/uploads\/2025\/06\/clezu3-300x225.jpeg 300w, https:\/\/entretormentas.com\/wp-content\/uploads\/2025\/06\/clezu3-768x576.jpeg 768w, https:\/\/entretormentas.com\/wp-content\/uploads\/2025\/06\/clezu3.jpeg 1280w\" sizes=\"(max-width: 1024px) 100vw, 1024px\" \/><\/figure>\n\n\n\n<p><br>\u200eEn la Comisi\u00f3n para el Estado Comunal, la Geometr\u00eda del Poder y Soberan\u00eda Territorial del Estado, fungir\u00e1 la legisladora Eliana Gonz\u00e1lez como presidenta, la parlamentaria Maribel Brice\u00f1o como vicepresidenta y el legislador Carlos Rosales como miembro.<br>\u200e<br>\u200ePara finalizar, la Comisi\u00f3n para los Pueblos y Comunidades Ind\u00edgenas, Ambiente y Recursos Naturales, qued\u00f3 conformada de la siguiente manera; en la presidencia la legisladora Lisbeth Rodr\u00edguez, en la vicepresidencia la parlamentaria Glenis Sempr\u00fan y como miembro estar\u00e1 la legisladora Magdely Valbuena.<br><strong><em>\u200eET \/ Nota de Prensa<\/em><\/strong><\/p>\n","protected":false},"excerpt":{"rendered":"<p>\u200eENTRE TORMENTAS. En sesi\u00f3n especial realizada este viernes 20 de junio, y de conformidad al&#8230;<\/p>\n","protected":false},"author":2,"featured_media":18201,"comment_status":"closed","ping_status":"open","sticky":false,"template":"","format":"standard","meta":{"footnotes":""},"categories":[1],"tags":[],"class_list":["post-18198","post","type-post","status-publish","format-standard","has-post-thumbnail","hentry","category-regionales"],"_links":{"self":[{"href":"https:\/\/entretormentas.com\/index.php?rest_route=\/wp\/v2\/posts\/18198","targetHints":{"allow":["GET"]}}],"collection":[{"href":"https:\/\/entretormentas.com\/index.php?rest_route=\/wp\/v2\/posts"}],"about":[{"href":"https:\/\/entretormentas.com\/index.php?rest_route=\/wp\/v2\/types\/post"}],"author":[{"embeddable":true,"href":"https:\/\/entretormentas.com\/index.php?rest_route=\/wp\/v2\/users\/2"}],"replies":[{"embeddable":true,"href":"https:\/\/entretormentas.com\/index.php?rest_route=%2Fwp%2Fv2%2Fcomments&post=18198"}],"version-history":[{"count":1,"href":"https:\/\/entretormentas.com\/index.php?rest_route=\/wp\/v2\/posts\/18198\/revisions"}],"predecessor-version":[{"id":18202,"href":"https:\/\/entretormentas.com\/index.php?rest_route=\/wp\/v2\/posts\/18198\/revisions\/18202"}],"wp:featuredmedia":[{"embeddable":true,"href":"https:\/\/entretormentas.com\/index.php?rest_route=\/wp\/v2\/media\/18201"}],"wp:attachment":[{"href":"https:\/\/entretormentas.com\/index.php?rest_route=%2Fwp%2Fv2%2Fmedia&parent=18198"}],"wp:term":[{"taxonomy":"category","embeddable":true,"href":"https:\/\/entretormentas.com\/index.php?rest_route=%2Fwp%2Fv2%2Fcategories&post=18198"},{"taxonomy":"post_tag","embeddable":true,"href":"https:\/\/entretormentas.com\/index.php?rest_route=%2Fwp%2Fv2%2Ftags&post=18198"}],"curies":[{"name":"wp","href":"https:\/\/api.w.org\/{rel}","templated":true}]}}