{"id":18203,"date":"2025-06-21T12:10:44","date_gmt":"2025-06-21T10:10:44","guid":{"rendered":"https:\/\/entretormentas.com\/?p=18203"},"modified":"2025-06-21T12:10:44","modified_gmt":"2025-06-21T10:10:44","slug":"con-logros-ineditos-fundacion-gaiteros-de-corazon-celebra-su-primer-aniversario-con-logros-ineditos","status":"publish","type":"post","link":"https:\/\/entretormentas.com\/con-logros-ineditos-fundacion-gaiteros-de-corazon-celebra-su-primer-aniversario-con-logros-ineditos\/","title":{"rendered":"\u00a1CON LOGROS IN\u00c9DITOS! Fundaci\u00f3n Gaiteros de Coraz\u00f3n celebra su primer aniversario con logros in\u00e9ditos"},"content":{"rendered":"\n<p><strong>ENTRE TORMENTAS.<\/strong> La Fundaci\u00f3n Nacional de la Gaita Gaiteros de Coraz\u00f3n celebra este viernes 20 de junio su primer a\u00f1o de incansable labor, marcando un hito en la preservaci\u00f3n, promoci\u00f3n, difusi\u00f3n y rescate de la gaita, g\u00e9nero musical emblem\u00e1tico del estado Zulia y patrimonio cultural de Venezuela.<\/p>\n\n\n\n<p>Desde su moderna sede en Maracaibo, equipada con instalaciones de vanguardia para producci\u00f3n musical y audiovisual, difusi\u00f3n y atenci\u00f3n social, la fundaci\u00f3n ha demostrado un compromiso inquebrantable con el futuro y el pasado de la gaita.<\/p>\n\n\n\n<p>El trabajo, impulsado por el firme apoyo del presidente Nicol\u00e1s Maduro y el Gobierno Nacional, ha permitido fortalecer las ra\u00edces musicales en las nuevas generaciones y ofrecer un merecido reconocimiento a quienes han dedicado su vida a este g\u00e9nero.<\/p>\n\n\n\n<p>\u201cLa Fundaci\u00f3n naci\u00f3 con el fiel prop\u00f3sito de resguardar los m\u00e1s grandes talentos y valores en la historia de la gaita, como tambi\u00e9n los nuevos que van emergiendo. Es la mezcla generacional y musical patrimonial m\u00e1s importante en la historia de nuestro g\u00e9nero. Si bien en 2014 la gaita fue declarada patrimonio cultural de la naci\u00f3n, desde hace un a\u00f1o se presenta este proyecto para expandirla m\u00e1s all\u00e1 de Maracaibo, el Zulia y otras fronteras, en todo el pa\u00eds. Estamos felices en los alcances que hemos podido lograr hasta ahora\u201d, sostuvo Endri M\u00e9ndez, presidente de la Fundaci\u00f3n Nacional de la Gaita.<\/p>\n\n\n\n<figure class=\"wp-block-image size-full\"><img fetchpriority=\"high\" decoding=\"async\" width=\"462\" height=\"341\" src=\"https:\/\/entretormentas.com\/wp-content\/uploads\/2025\/06\/gaicora2.jpeg\" alt=\"\" class=\"wp-image-18205\" srcset=\"https:\/\/entretormentas.com\/wp-content\/uploads\/2025\/06\/gaicora2.jpeg 462w, https:\/\/entretormentas.com\/wp-content\/uploads\/2025\/06\/gaicora2-300x221.jpeg 300w\" sizes=\"(max-width: 462px) 100vw, 462px\" \/><\/figure>\n\n\n\n<p><strong>A\u00d1O DE IMPACTO SOCIAL Y CULTURAL<\/strong><br>En solo 12 meses, Gaiteros de Coraz\u00f3n benefici\u00f3 a m\u00e1s de 500 gaiteros adultos mayores que reciben apoyo integral, garantizando beneficios sociales y protecci\u00f3n m\u00e9dica especializada.<\/p>\n\n\n\n<p>Asimismo, la visi\u00f3n de la fundaci\u00f3n se ha extendido al fomento del talento infantil y juvenil, entregando m\u00e1s de 200 kits gaiteros a grupos de colegios, instituciones educativas p\u00fablicas y privadas, iglesias y comunidades.<\/p>\n\n\n\n<p>Se estima que una poblaci\u00f3n de aproximadamente 30 mil ni\u00f1os y j\u00f3venes ha sido atendida en Maracaibo, diversos municipios del estado Zulia (Mara, Padilla, Col\u00f3n, San Francisco y la Costa Oriental del Lago), y en otros estados como Miranda, Falc\u00f3n, Bol\u00edvar y M\u00e9rida.<\/p>\n\n\n\n<p>Asimismo, m\u00e1s de 50 emblem\u00e1ticas agrupaciones profesionales han sido beneficiadas con la dotaci\u00f3n de instrumentos musicales, incluyendo divisas gaiteras como Barrio Obrero de Cabimas, Alitasia, Gaiteros de Pillopo, Rinc\u00f3n Morales, Saladillo 70 y Maragaita.<\/p>\n\n\n\n<figure class=\"wp-block-image size-full\"><img decoding=\"async\" width=\"768\" height=\"512\" src=\"https:\/\/entretormentas.com\/wp-content\/uploads\/2025\/06\/gaicora5.jpeg\" alt=\"\" class=\"wp-image-18204\" srcset=\"https:\/\/entretormentas.com\/wp-content\/uploads\/2025\/06\/gaicora5.jpeg 768w, https:\/\/entretormentas.com\/wp-content\/uploads\/2025\/06\/gaicora5-300x200.jpeg 300w\" sizes=\"(max-width: 768px) 100vw, 768px\" \/><\/figure>\n\n\n\n<p><strong>EVENTOS EMBLEM\u00c1TICOS<\/strong><br>El primer a\u00f1o tambi\u00e9n estuvo marcado por eventos emblem\u00e1ticos que hicieron historia. El 8 de noviembre de 2024, en la celebraci\u00f3n del D\u00eda del Gaitero, la fundaci\u00f3n organiz\u00f3 el Reencuentro Monumental en la Plazoleta de la Bas\u00edlica.<\/p>\n\n\n\n<p>Un evento reuni\u00f3 a m\u00e1s de 800 gaiteros en vivo acompa\u00f1ando la voz de Ricardo Aguirre en un espect\u00e1culo inolvidable, realzado por figuras aleg\u00f3ricas creadas por m\u00e1s de mil 200 drones.<\/p>\n\n\n\n<p>En las fechas decembrinas, la Fundaci\u00f3n organiz\u00f3 Gaiteros de Coraz\u00f3n en Navidad con la presentaci\u00f3n gratuita de m\u00e1s de 40 agrupaciones gaiteras a la comunidad marabina, comenzando en la concha ac\u00fastica del Parque Ana Mar\u00eda Campos y finalizando en la popular parroquia de Santa Luc\u00eda.<\/p>\n\n\n\n<p>Adem\u00e1s, se realizaron emotivos encuentros de los ni\u00f1os y j\u00f3venes, con reconocidos artistas de la gaita pertenecientes a la fundaci\u00f3n como Neguito Borjas, Yonys Flores, Luis \u00c1ngel Aguirre, Eroy Chac\u00edn, Dennis Dagu\u00edn y Alfonso Mar\u00edn.<\/p>\n\n\n\n<figure class=\"wp-block-image size-full\"><img decoding=\"async\" width=\"168\" height=\"300\" src=\"https:\/\/entretormentas.com\/wp-content\/uploads\/2025\/06\/gaicora.jpeg\" alt=\"\" class=\"wp-image-18208\"\/><\/figure>\n\n\n\n<p><strong>INSTALACIONES DE PRIMER NIVEL<\/strong><br>Para garantizar la continuidad y expansi\u00f3n de este patrimonio, la fundaci\u00f3n cuenta con una infraestructura de difusi\u00f3n y producci\u00f3n de vanguardia, donde destaca la emisora radial Gaiter\u00edsima 94.7 FM, que transmite 24 horas de gaita y tambi\u00e9n celebra un a\u00f1o al aire.<\/p>\n\n\n\n<p>Adem\u00e1s de un estudio de grabaci\u00f3n de primer nivel, dotado con la m\u00e1s avanzada tecnolog\u00eda para la creaci\u00f3n y promoci\u00f3n de nuevas producciones gaiteras.<\/p>\n\n\n\n<p>La Fundaci\u00f3n Nacional de la Gaita Gaiteros de Coraz\u00f3n se reafirma como una propuesta con alcances inimaginables para que la m\u00fasica en la regi\u00f3n zuliana y Venezuela siga transformando vidas.<\/p>\n\n\n\n<p>La gaita se ha convertido en una realidad al servicio de la inclusi\u00f3n y el desarrollo social, con la emoci\u00f3n de los maestros gaiteros y la ilusi\u00f3n del talento de las nuevas generaciones.<br><strong><em>ET \/ Agencias<\/em><\/strong><\/p>\n\n\n\n<figure class=\"wp-block-image size-full\"><img loading=\"lazy\" decoding=\"async\" width=\"1024\" height=\"768\" src=\"https:\/\/entretormentas.com\/wp-content\/uploads\/2025\/06\/gaicora3.jpeg\" alt=\"\" class=\"wp-image-18206\" srcset=\"https:\/\/entretormentas.com\/wp-content\/uploads\/2025\/06\/gaicora3.jpeg 1024w, https:\/\/entretormentas.com\/wp-content\/uploads\/2025\/06\/gaicora3-300x225.jpeg 300w, https:\/\/entretormentas.com\/wp-content\/uploads\/2025\/06\/gaicora3-768x576.jpeg 768w\" sizes=\"(max-width: 1024px) 100vw, 1024px\" \/><\/figure>\n","protected":false},"excerpt":{"rendered":"<p>ENTRE TORMENTAS. La Fundaci\u00f3n Nacional de la Gaita Gaiteros de Coraz\u00f3n celebra este viernes 20&#8230;<\/p>\n","protected":false},"author":2,"featured_media":18207,"comment_status":"closed","ping_status":"open","sticky":false,"template":"","format":"standard","meta":{"footnotes":""},"categories":[1],"tags":[],"class_list":["post-18203","post","type-post","status-publish","format-standard","has-post-thumbnail","hentry","category-regionales"],"_links":{"self":[{"href":"https:\/\/entretormentas.com\/index.php?rest_route=\/wp\/v2\/posts\/18203","targetHints":{"allow":["GET"]}}],"collection":[{"href":"https:\/\/entretormentas.com\/index.php?rest_route=\/wp\/v2\/posts"}],"about":[{"href":"https:\/\/entretormentas.com\/index.php?rest_route=\/wp\/v2\/types\/post"}],"author":[{"embeddable":true,"href":"https:\/\/entretormentas.com\/index.php?rest_route=\/wp\/v2\/users\/2"}],"replies":[{"embeddable":true,"href":"https:\/\/entretormentas.com\/index.php?rest_route=%2Fwp%2Fv2%2Fcomments&post=18203"}],"version-history":[{"count":1,"href":"https:\/\/entretormentas.com\/index.php?rest_route=\/wp\/v2\/posts\/18203\/revisions"}],"predecessor-version":[{"id":18209,"href":"https:\/\/entretormentas.com\/index.php?rest_route=\/wp\/v2\/posts\/18203\/revisions\/18209"}],"wp:featuredmedia":[{"embeddable":true,"href":"https:\/\/entretormentas.com\/index.php?rest_route=\/wp\/v2\/media\/18207"}],"wp:attachment":[{"href":"https:\/\/entretormentas.com\/index.php?rest_route=%2Fwp%2Fv2%2Fmedia&parent=18203"}],"wp:term":[{"taxonomy":"category","embeddable":true,"href":"https:\/\/entretormentas.com\/index.php?rest_route=%2Fwp%2Fv2%2Fcategories&post=18203"},{"taxonomy":"post_tag","embeddable":true,"href":"https:\/\/entretormentas.com\/index.php?rest_route=%2Fwp%2Fv2%2Ftags&post=18203"}],"curies":[{"name":"wp","href":"https:\/\/api.w.org\/{rel}","templated":true}]}}