{"id":18219,"date":"2025-06-21T12:27:13","date_gmt":"2025-06-21T10:27:13","guid":{"rendered":"https:\/\/entretormentas.com\/?p=18219"},"modified":"2025-06-21T12:27:14","modified_gmt":"2025-06-21T10:27:14","slug":"mantenimiento-gustavo-fernandez-inspecciona-trabajos-en-canada-del-sector-la-charrasca","status":"publish","type":"post","link":"https:\/\/entretormentas.com\/mantenimiento-gustavo-fernandez-inspecciona-trabajos-en-canada-del-sector-la-charrasca\/","title":{"rendered":"\u00a1MANTENIMIENTO! Gustavo Fern\u00e1ndez inspecciona trabajos en ca\u00f1ada del sector La Charrasca"},"content":{"rendered":"\n<p><strong>ENTRE TORMENTAS.<\/strong> En el marco del Plan Paraguas y ante el pron\u00f3stico por parte del Instituto Nacional de Meteorolog\u00eda e Hidrolog\u00eda (Inameh) del paso de la onda tropical n\u00famero 6 por el territorio nacional, el alcalde Gustavo Fern\u00e1ndez, junto a los equipos t\u00e9cnicos y operativos de las gerencias de operaciones e infraestructura inspeccion\u00f3 los trabajos de limpieza en la ca\u00f1ada del sector La Charrasca, ubicado en la parroquia Jos\u00e9 Domingo Rus.<\/p>\n\n\n\n<figure class=\"wp-block-image size-large\"><img fetchpriority=\"high\" decoding=\"async\" width=\"1024\" height=\"817\" src=\"https:\/\/entretormentas.com\/wp-content\/uploads\/2025\/06\/canadagf3-1024x817.jpeg\" alt=\"\" class=\"wp-image-18220\" srcset=\"https:\/\/entretormentas.com\/wp-content\/uploads\/2025\/06\/canadagf3-1024x817.jpeg 1024w, https:\/\/entretormentas.com\/wp-content\/uploads\/2025\/06\/canadagf3-300x239.jpeg 300w, https:\/\/entretormentas.com\/wp-content\/uploads\/2025\/06\/canadagf3-768x613.jpeg 768w, https:\/\/entretormentas.com\/wp-content\/uploads\/2025\/06\/canadagf3.jpeg 1280w\" sizes=\"(max-width: 1024px) 100vw, 1024px\" \/><\/figure>\n\n\n\n<p>El mandatario municipal explic\u00f3 que gracias a este plan preventivo y permanente se ha logrado evitar desbordamientos e inundaciones, durante la \u00e9poca de lluvia, en el municipio San Francisco. \u00abDesde que iniciamos el gobierno en enero del a\u00f1o 2022 procedimos de forma inmediata a la ampliaci\u00f3n, limpieza y saneamiento de todos los cauces naturales que atraviesan la geograf\u00eda sure\u00f1a.<\/p>\n\n\n\n<p>Agreg\u00f3 que actualmente se encuentra realizando destapes de los cajones de la ca\u00f1ada La Silva en la avenida 5 de San Francisco. \u00abAqu\u00ed estamos destapando el puente de la Charrasca, zona en donde fue recuperada la vialidad .Vamos a ir haciendo lo mismo en el otro puente que conecta Fundabarrios, con el sector Mar\u00eda Isabel de Ch\u00e1vez. Este trabajo va a aliviar el cauce del agua que atraviesa Jos\u00e9 Domingo Rus y que conecta con Santa Fe II, en la parroquia Los Cortijos\u00bb inform\u00f3.<\/p>\n\n\n\n<figure class=\"wp-block-image size-large\"><img decoding=\"async\" width=\"1024\" height=\"691\" src=\"https:\/\/entretormentas.com\/wp-content\/uploads\/2025\/06\/canadagf2-1024x691.jpeg\" alt=\"\" class=\"wp-image-18221\" srcset=\"https:\/\/entretormentas.com\/wp-content\/uploads\/2025\/06\/canadagf2-1024x691.jpeg 1024w, https:\/\/entretormentas.com\/wp-content\/uploads\/2025\/06\/canadagf2-300x203.jpeg 300w, https:\/\/entretormentas.com\/wp-content\/uploads\/2025\/06\/canadagf2-768x518.jpeg 768w, https:\/\/entretormentas.com\/wp-content\/uploads\/2025\/06\/canadagf2.jpeg 1280w\" sizes=\"(max-width: 1024px) 100vw, 1024px\" \/><\/figure>\n\n\n\n<p>Fern\u00e1ndez hizo nuevamente un llamado a las comunidades a tomar conciencia y mantener las ca\u00f1adas libres de desechos. \u00abLo importante es que no sigan arrojando objetos grandes como neveras, cocinas, cajones de aire acondicionado, entre otros objetos que obstaculicen el libre tr\u00e1nsito de las aguas pluviales. Nuestro compromiso es garantizar seguridad, tranquilidad y resguardo a los ciudadanos y aminorar en gran medida las afectaciones, producto de las precipitaciones\u00bb, a\u00f1adi\u00f3.<br><strong><em>ET \/ Alcald\u00eda de San Francisco<\/em><\/strong><\/p>\n","protected":false},"excerpt":{"rendered":"<p>ENTRE TORMENTAS. En el marco del Plan Paraguas y ante el pron\u00f3stico por parte del&#8230;<\/p>\n","protected":false},"author":2,"featured_media":18222,"comment_status":"closed","ping_status":"open","sticky":false,"template":"","format":"standard","meta":{"footnotes":""},"categories":[57,1],"tags":[],"class_list":["post-18219","post","type-post","status-publish","format-standard","has-post-thumbnail","hentry","category-actualidad","category-regionales"],"_links":{"self":[{"href":"https:\/\/entretormentas.com\/index.php?rest_route=\/wp\/v2\/posts\/18219","targetHints":{"allow":["GET"]}}],"collection":[{"href":"https:\/\/entretormentas.com\/index.php?rest_route=\/wp\/v2\/posts"}],"about":[{"href":"https:\/\/entretormentas.com\/index.php?rest_route=\/wp\/v2\/types\/post"}],"author":[{"embeddable":true,"href":"https:\/\/entretormentas.com\/index.php?rest_route=\/wp\/v2\/users\/2"}],"replies":[{"embeddable":true,"href":"https:\/\/entretormentas.com\/index.php?rest_route=%2Fwp%2Fv2%2Fcomments&post=18219"}],"version-history":[{"count":1,"href":"https:\/\/entretormentas.com\/index.php?rest_route=\/wp\/v2\/posts\/18219\/revisions"}],"predecessor-version":[{"id":18223,"href":"https:\/\/entretormentas.com\/index.php?rest_route=\/wp\/v2\/posts\/18219\/revisions\/18223"}],"wp:featuredmedia":[{"embeddable":true,"href":"https:\/\/entretormentas.com\/index.php?rest_route=\/wp\/v2\/media\/18222"}],"wp:attachment":[{"href":"https:\/\/entretormentas.com\/index.php?rest_route=%2Fwp%2Fv2%2Fmedia&parent=18219"}],"wp:term":[{"taxonomy":"category","embeddable":true,"href":"https:\/\/entretormentas.com\/index.php?rest_route=%2Fwp%2Fv2%2Fcategories&post=18219"},{"taxonomy":"post_tag","embeddable":true,"href":"https:\/\/entretormentas.com\/index.php?rest_route=%2Fwp%2Fv2%2Ftags&post=18219"}],"curies":[{"name":"wp","href":"https:\/\/api.w.org\/{rel}","templated":true}]}}