{"id":18224,"date":"2025-06-21T12:31:54","date_gmt":"2025-06-21T10:31:54","guid":{"rendered":"https:\/\/entretormentas.com\/?p=18224"},"modified":"2025-06-21T12:31:55","modified_gmt":"2025-06-21T10:31:55","slug":"equipo-completo-gobernador-caldera-anuncia-integrantes-de-su-gabinete-ejecutivo","status":"publish","type":"post","link":"https:\/\/entretormentas.com\/equipo-completo-gobernador-caldera-anuncia-integrantes-de-su-gabinete-ejecutivo\/","title":{"rendered":"\u00a1EQUIPO COMPLETO! Gobernador Caldera anuncia integrantes de su gabinete ejecutivo"},"content":{"rendered":"\n<p><strong>ENTRE TORMENTAS. <\/strong>El gobernador del estado Zulia, Luis Caldera, anunci\u00f3 este viernes 20 de junio a quienes integrar\u00e1n el gabinete ejecutivo que lo acompa\u00f1ar\u00e1 en su plan de gobierno de puertas abiertas para la gente y con la gente.<\/p>\n\n\n\n<figure class=\"wp-block-image size-full\"><img fetchpriority=\"high\" decoding=\"async\" width=\"720\" height=\"444\" src=\"https:\/\/entretormentas.com\/wp-content\/uploads\/2025\/06\/juralc2.jpeg\" alt=\"\" class=\"wp-image-18225\" srcset=\"https:\/\/entretormentas.com\/wp-content\/uploads\/2025\/06\/juralc2.jpeg 720w, https:\/\/entretormentas.com\/wp-content\/uploads\/2025\/06\/juralc2-300x185.jpeg 300w\" sizes=\"(max-width: 720px) 100vw, 720px\" \/><\/figure>\n\n\n\n<p>Como secretaria de Gobierno, fue nombrada \u00c1ngela Fern\u00e1ndez; en la cartera regional de Administraci\u00f3n y Finanzas, Alicia Villalobos; en Infraestructura, Rafic Souki; en Educaci\u00f3n, Yamely Su\u00e1rez; y en Cultura, Giovanny Villalobos.<\/p>\n\n\n\n<figure class=\"wp-block-image size-full\"><img decoding=\"async\" width=\"668\" height=\"457\" src=\"https:\/\/entretormentas.com\/wp-content\/uploads\/2025\/06\/juralc3.jpeg\" alt=\"\" class=\"wp-image-18226\" srcset=\"https:\/\/entretormentas.com\/wp-content\/uploads\/2025\/06\/juralc3.jpeg 668w, https:\/\/entretormentas.com\/wp-content\/uploads\/2025\/06\/juralc3-300x205.jpeg 300w\" sizes=\"(max-width: 668px) 100vw, 668px\" \/><\/figure>\n\n\n\n<p>Para la Secretar\u00eda de Salud, fue designada Noly Fern\u00e1ndez; para Educaci\u00f3n Superior, Enrique Parra; para la de Deportes, Fidel Madro\u00f1ero; en Desarrollo Social, Yuris Agustina G\u00f3mez y en Promoci\u00f3n y Prevenci\u00f3n Ciudadana, Silvestre Villalobos.<\/p>\n\n\n\n<figure class=\"wp-block-image size-full\"><img decoding=\"async\" width=\"720\" height=\"465\" src=\"https:\/\/entretormentas.com\/wp-content\/uploads\/2025\/06\/juralc4.jpeg\" alt=\"\" class=\"wp-image-18227\" srcset=\"https:\/\/entretormentas.com\/wp-content\/uploads\/2025\/06\/juralc4.jpeg 720w, https:\/\/entretormentas.com\/wp-content\/uploads\/2025\/06\/juralc4-300x194.jpeg 300w\" sizes=\"(max-width: 720px) 100vw, 720px\" \/><\/figure>\n\n\n\n<p>En la Secretar\u00eda de Ambiente, Tierras y Ordenaci\u00f3n Territorial, Freddy Rodr\u00edguez; en la de Asuntos de Energ\u00eda El\u00e9ctrica, Rafael Colmenares; en la de Gas y Energ\u00edas Alternativas, Richard Guanipa y en la de Comercio Exterior, Inversi\u00f3n y Cooperaci\u00f3n T\u00e9cnica Internacional, Mario Isea.<\/p>\n\n\n\n<p>Completan las secretar\u00edas de Planificaci\u00f3n y Estad\u00edsticas Hel\u00edmenas Espina; de Educaci\u00f3n Superior, Enrique Parra y en la de Informaci\u00f3n y Prensa, Gisela Chac\u00edn.<br><strong><em>ET \/ Nota de Prensa<\/em><\/strong><\/p>\n","protected":false},"excerpt":{"rendered":"<p>ENTRE TORMENTAS. El gobernador del estado Zulia, Luis Caldera, anunci\u00f3 este viernes 20 de junio&#8230;<\/p>\n","protected":false},"author":2,"featured_media":18228,"comment_status":"closed","ping_status":"open","sticky":false,"template":"","format":"standard","meta":{"footnotes":""},"categories":[57,1],"tags":[],"class_list":["post-18224","post","type-post","status-publish","format-standard","has-post-thumbnail","hentry","category-actualidad","category-regionales"],"_links":{"self":[{"href":"https:\/\/entretormentas.com\/index.php?rest_route=\/wp\/v2\/posts\/18224","targetHints":{"allow":["GET"]}}],"collection":[{"href":"https:\/\/entretormentas.com\/index.php?rest_route=\/wp\/v2\/posts"}],"about":[{"href":"https:\/\/entretormentas.com\/index.php?rest_route=\/wp\/v2\/types\/post"}],"author":[{"embeddable":true,"href":"https:\/\/entretormentas.com\/index.php?rest_route=\/wp\/v2\/users\/2"}],"replies":[{"embeddable":true,"href":"https:\/\/entretormentas.com\/index.php?rest_route=%2Fwp%2Fv2%2Fcomments&post=18224"}],"version-history":[{"count":1,"href":"https:\/\/entretormentas.com\/index.php?rest_route=\/wp\/v2\/posts\/18224\/revisions"}],"predecessor-version":[{"id":18229,"href":"https:\/\/entretormentas.com\/index.php?rest_route=\/wp\/v2\/posts\/18224\/revisions\/18229"}],"wp:featuredmedia":[{"embeddable":true,"href":"https:\/\/entretormentas.com\/index.php?rest_route=\/wp\/v2\/media\/18228"}],"wp:attachment":[{"href":"https:\/\/entretormentas.com\/index.php?rest_route=%2Fwp%2Fv2%2Fmedia&parent=18224"}],"wp:term":[{"taxonomy":"category","embeddable":true,"href":"https:\/\/entretormentas.com\/index.php?rest_route=%2Fwp%2Fv2%2Fcategories&post=18224"},{"taxonomy":"post_tag","embeddable":true,"href":"https:\/\/entretormentas.com\/index.php?rest_route=%2Fwp%2Fv2%2Ftags&post=18224"}],"curies":[{"name":"wp","href":"https:\/\/api.w.org\/{rel}","templated":true}]}}