{"id":18236,"date":"2025-06-21T12:40:15","date_gmt":"2025-06-21T10:40:15","guid":{"rendered":"https:\/\/entretormentas.com\/?p=18236"},"modified":"2025-06-21T12:40:15","modified_gmt":"2025-06-21T10:40:15","slug":"cronograma-activo-publican-tarjeton-electoral-para-las-municipales-del-27-jul","status":"publish","type":"post","link":"https:\/\/entretormentas.com\/cronograma-activo-publican-tarjeton-electoral-para-las-municipales-del-27-jul\/","title":{"rendered":"\u00a1CRONOGRAMA ACTIVO! Publican tarjet\u00f3n electoral para las municipales del 27-Jul"},"content":{"rendered":"\n<p><strong>ENTRE TORMENTAS. <\/strong>Varios representantes pol\u00edticos compartieron la tarde del jueves el dise\u00f1o del tarjet\u00f3n electoral para las elecciones municipales del pr\u00f3ximo 27 de julio, en las que se elegir\u00e1n 335 alcaldes y dos mil 471 concejales en todo el pa\u00eds.<\/p>\n\n\n\n<p>Entre las novedades, destaca la incorporaci\u00f3n del Partido de la Reconciliaci\u00f3n Nacional (PNR), una nueva denominaci\u00f3n que sustituye a la tarjeta de la Confederaci\u00f3n Nacional Democr\u00e1tica (Conde), organizaci\u00f3n fundada por el excandidato presidencial Benjam\u00edn Rausseo. La informaci\u00f3n fue confirmada por el diputado y analista electoral An\u00edbal S\u00e1nchez en redes sociales.<\/p>\n\n\n\n<p>El PNR mantiene el color verde caracter\u00edstico de Conde y suma el color azul junto a un s\u00edmbolo gr\u00e1fico con dos manos entrelazadas. Se ubicar\u00e1 en la tercera fila del tarjet\u00f3n.<\/p>\n\n\n\n<p>La aparici\u00f3n del PNR ocurre semanas despu\u00e9s de que Rausseo anunciara una pausa en su actividad pol\u00edtica, al declarar: \u201cMe siento bataqueado, pero no derrotado. Me cans\u00e9 de luchar con esta pol\u00edtica, que no es con la que yo sue\u00f1o\u201d.<\/p>\n\n\n\n<figure class=\"wp-block-image size-full\"><img fetchpriority=\"high\" decoding=\"async\" width=\"768\" height=\"402\" src=\"https:\/\/entretormentas.com\/wp-content\/uploads\/2025\/06\/tarjet2.jpeg\" alt=\"\" class=\"wp-image-18237\" srcset=\"https:\/\/entretormentas.com\/wp-content\/uploads\/2025\/06\/tarjet2.jpeg 768w, https:\/\/entretormentas.com\/wp-content\/uploads\/2025\/06\/tarjet2-300x157.jpeg 300w\" sizes=\"(max-width: 768px) 100vw, 768px\" \/><\/figure>\n\n\n\n<p><strong>Cambios en el tarjet\u00f3n electoral y ubicaciones<\/strong><br>Otros partidos tambi\u00e9n presentan ajustes. Unidad Visi\u00f3n Venezuela cambi\u00f3 sus colores del rojo al azul y mantiene su posici\u00f3n en la franja inferior del tarjet\u00f3n, entre El Cambio y Alianza del L\u00e1piz.<\/p>\n\n\n\n<p>Por su parte, el Partido Socialista Unido de Venezuela (PSUV) y sus aliados del Gran Polo Patri\u00f3tico conservar\u00e1n su lugar en la parte superior del tarjet\u00f3n, aunque con algunos cambios internos: las tarjetas de UPV, Somos Venezuela y el Partido Verde han sido reubicadas.<\/p>\n\n\n\n<p>La coalici\u00f3n Un Nuevo Tiempo \u2013 Uni\u00f3n y Cambio ya no compartir\u00e1 la misma ubicaci\u00f3n conjunta para estas elecciones municipales, y el partido Fuerza Vecinal se posicionar\u00e1 en la parte inferior derecha, con varios de sus alcaldes postulados para la reelecci\u00f3n.<\/p>\n\n\n\n<p>Los partidos pueden realizar sustituciones de candidaturas dentro de los lapsos legales, aunque estos cambios no se ver\u00e1n reflejados en el tarjet\u00f3n electoral. Para las listas, el per\u00edodo de cambios vence el 27 de junio, mientras que para las postulaciones nominales el plazo culmina el 17 de julio.<br><strong><em>ET \/ El Nacional<\/em><\/strong><\/p>\n\n\n\n<p><\/p>\n","protected":false},"excerpt":{"rendered":"<p>ENTRE TORMENTAS. Varios representantes pol\u00edticos compartieron la tarde del jueves el dise\u00f1o del tarjet\u00f3n electoral&#8230;<\/p>\n","protected":false},"author":2,"featured_media":18238,"comment_status":"closed","ping_status":"open","sticky":false,"template":"","format":"standard","meta":{"footnotes":""},"categories":[56,49],"tags":[],"class_list":["post-18236","post","type-post","status-publish","format-standard","has-post-thumbnail","hentry","category-destacadas","category-nacionales"],"_links":{"self":[{"href":"https:\/\/entretormentas.com\/index.php?rest_route=\/wp\/v2\/posts\/18236","targetHints":{"allow":["GET"]}}],"collection":[{"href":"https:\/\/entretormentas.com\/index.php?rest_route=\/wp\/v2\/posts"}],"about":[{"href":"https:\/\/entretormentas.com\/index.php?rest_route=\/wp\/v2\/types\/post"}],"author":[{"embeddable":true,"href":"https:\/\/entretormentas.com\/index.php?rest_route=\/wp\/v2\/users\/2"}],"replies":[{"embeddable":true,"href":"https:\/\/entretormentas.com\/index.php?rest_route=%2Fwp%2Fv2%2Fcomments&post=18236"}],"version-history":[{"count":1,"href":"https:\/\/entretormentas.com\/index.php?rest_route=\/wp\/v2\/posts\/18236\/revisions"}],"predecessor-version":[{"id":18239,"href":"https:\/\/entretormentas.com\/index.php?rest_route=\/wp\/v2\/posts\/18236\/revisions\/18239"}],"wp:featuredmedia":[{"embeddable":true,"href":"https:\/\/entretormentas.com\/index.php?rest_route=\/wp\/v2\/media\/18238"}],"wp:attachment":[{"href":"https:\/\/entretormentas.com\/index.php?rest_route=%2Fwp%2Fv2%2Fmedia&parent=18236"}],"wp:term":[{"taxonomy":"category","embeddable":true,"href":"https:\/\/entretormentas.com\/index.php?rest_route=%2Fwp%2Fv2%2Fcategories&post=18236"},{"taxonomy":"post_tag","embeddable":true,"href":"https:\/\/entretormentas.com\/index.php?rest_route=%2Fwp%2Fv2%2Ftags&post=18236"}],"curies":[{"name":"wp","href":"https:\/\/api.w.org\/{rel}","templated":true}]}}