{"id":18248,"date":"2025-06-22T13:05:09","date_gmt":"2025-06-22T11:05:09","guid":{"rendered":"https:\/\/entretormentas.com\/?p=18248"},"modified":"2025-06-22T13:05:09","modified_gmt":"2025-06-22T11:05:09","slug":"para-que-cese-el-conflicto-en-medio-oriente-el-zulia-marcha-por-la-paz-mundial","status":"publish","type":"post","link":"https:\/\/entretormentas.com\/para-que-cese-el-conflicto-en-medio-oriente-el-zulia-marcha-por-la-paz-mundial\/","title":{"rendered":"\u00a1PARA QUE CESE EL CONFLICTO EN MEDIO ORIENTE! El Zulia marcha por la paz mundial"},"content":{"rendered":"\n<p><strong>ENTRE TORMENTAS. <\/strong>El pueblo del Zulia march\u00f3 a favor de la paz mundial, para que cese el conflicto en medio oriente. La actividad inici\u00f3 a las 4:30 de la tarde de este viernes en la calle Carabobo y cont\u00f3 con el acompa\u00f1amiento del gobernador del Zulia, Luis Caldera junto a Gian Carlo Di Martino, candidato a la Alcald\u00eda de Maracaibo, l\u00edderes de organizaciones sociales y del poder popular.<\/p>\n\n\n\n<figure class=\"wp-block-image size-full\"><img fetchpriority=\"high\" decoding=\"async\" width=\"720\" height=\"463\" src=\"https:\/\/entretormentas.com\/wp-content\/uploads\/2025\/06\/march2.jpeg\" alt=\"\" class=\"wp-image-18249\" srcset=\"https:\/\/entretormentas.com\/wp-content\/uploads\/2025\/06\/march2.jpeg 720w, https:\/\/entretormentas.com\/wp-content\/uploads\/2025\/06\/march2-300x193.jpeg 300w\" sizes=\"(max-width: 720px) 100vw, 720px\" \/><\/figure>\n\n\n\n<p>El pueblo zuliano se uni\u00f3 en esta plegaria por el respeto de la vida de miles de ni\u00f1os y ni\u00f1as, de ancianos, mujeres y hombres inocentes que han sido v\u00edctimas de la ambici\u00f3n y supremacismo del gobierno sionista, de poderes hegem\u00f3nicos neofascistas, que adem\u00e1s bombardean a pa\u00edses como Ir\u00e1n y Libia.<\/p>\n\n\n\n<p>\u00abVenezuela es un pa\u00eds de paz, de di\u00e1logo, de hermandad y de respeto de Derechos Humanos, por ello alzamos nuestra voz para pedir que cese la guerra y prevalezca la paz mundial\u00bb, precis\u00f3 Di Martino.<\/p>\n\n\n\n<figure class=\"wp-block-image size-large\"><img decoding=\"async\" width=\"576\" height=\"1024\" src=\"https:\/\/entretormentas.com\/wp-content\/uploads\/2025\/06\/march3-576x1024.jpeg\" alt=\"\" class=\"wp-image-18250\" srcset=\"https:\/\/entretormentas.com\/wp-content\/uploads\/2025\/06\/march3-576x1024.jpeg 576w, https:\/\/entretormentas.com\/wp-content\/uploads\/2025\/06\/march3-169x300.jpeg 169w, https:\/\/entretormentas.com\/wp-content\/uploads\/2025\/06\/march3.jpeg 585w\" sizes=\"(max-width: 576px) 100vw, 576px\" \/><\/figure>\n\n\n\n<p>El aspirante a la alcald\u00eda de Maracaibo recalc\u00f3 la uni\u00f3n del pueblo oficialista en torno al conflicto en el medio oriente. \u00abHoy, junto al gobernador del Zulia, nuestro hermano Luis Caldera, marchamos acompa\u00f1ados de un pueblo amoroso para expresar nuestro rechazo a los ataques b\u00e9licos que masacran a personas inocentes en Ir\u00e1n, Libano y Palestina\u00bb.<\/p>\n\n\n\n<p>Di Martino recalc\u00f3 que el imperio sionista promueve la guerra para derrocar gobiernos democr\u00e1ticos y quedarse con sus riquezas. \u00abNada quebrantar\u00e1 nuestro esp\u00edritu revolucionario. \u00a1Viva Ch\u00e1vez!, \u00a1Viva Nicol\u00e1s Maduro!, \u00a1Viva Palestina, Ir\u00e1n y el L\u00edbano!\u00bb, concluy\u00f3 el aspirante a alcalde.<br><strong><em>ET \/ Nota de Prensa<\/em><\/strong><\/p>\n\n\n\n<p><\/p>\n","protected":false},"excerpt":{"rendered":"<p>ENTRE TORMENTAS. El pueblo del Zulia march\u00f3 a favor de la paz mundial, para que&#8230;<\/p>\n","protected":false},"author":2,"featured_media":18251,"comment_status":"closed","ping_status":"open","sticky":false,"template":"","format":"standard","meta":{"footnotes":""},"categories":[57,1],"tags":[],"class_list":["post-18248","post","type-post","status-publish","format-standard","has-post-thumbnail","hentry","category-actualidad","category-regionales"],"_links":{"self":[{"href":"https:\/\/entretormentas.com\/index.php?rest_route=\/wp\/v2\/posts\/18248","targetHints":{"allow":["GET"]}}],"collection":[{"href":"https:\/\/entretormentas.com\/index.php?rest_route=\/wp\/v2\/posts"}],"about":[{"href":"https:\/\/entretormentas.com\/index.php?rest_route=\/wp\/v2\/types\/post"}],"author":[{"embeddable":true,"href":"https:\/\/entretormentas.com\/index.php?rest_route=\/wp\/v2\/users\/2"}],"replies":[{"embeddable":true,"href":"https:\/\/entretormentas.com\/index.php?rest_route=%2Fwp%2Fv2%2Fcomments&post=18248"}],"version-history":[{"count":1,"href":"https:\/\/entretormentas.com\/index.php?rest_route=\/wp\/v2\/posts\/18248\/revisions"}],"predecessor-version":[{"id":18252,"href":"https:\/\/entretormentas.com\/index.php?rest_route=\/wp\/v2\/posts\/18248\/revisions\/18252"}],"wp:featuredmedia":[{"embeddable":true,"href":"https:\/\/entretormentas.com\/index.php?rest_route=\/wp\/v2\/media\/18251"}],"wp:attachment":[{"href":"https:\/\/entretormentas.com\/index.php?rest_route=%2Fwp%2Fv2%2Fmedia&parent=18248"}],"wp:term":[{"taxonomy":"category","embeddable":true,"href":"https:\/\/entretormentas.com\/index.php?rest_route=%2Fwp%2Fv2%2Fcategories&post=18248"},{"taxonomy":"post_tag","embeddable":true,"href":"https:\/\/entretormentas.com\/index.php?rest_route=%2Fwp%2Fv2%2Ftags&post=18248"}],"curies":[{"name":"wp","href":"https:\/\/api.w.org\/{rel}","templated":true}]}}