{"id":18253,"date":"2025-06-22T13:15:26","date_gmt":"2025-06-22T11:15:26","guid":{"rendered":"https:\/\/entretormentas.com\/?p=18253"},"modified":"2025-06-22T13:15:27","modified_gmt":"2025-06-22T11:15:27","slug":"fiesta-zuliana-del-cafe-gobernador-caldera-anuncia-la-instalacion-de-la-mesa-de-caficultura-regional","status":"publish","type":"post","link":"https:\/\/entretormentas.com\/fiesta-zuliana-del-cafe-gobernador-caldera-anuncia-la-instalacion-de-la-mesa-de-caficultura-regional\/","title":{"rendered":"\u00a1FIESTA ZULIANA DEL CAF\u00c9! Gobernador Caldera anuncia la instalaci\u00f3n de la mesa de caficultura regional"},"content":{"rendered":"\n<p><strong>ENTRE TORMENTAS.<\/strong> La Biblioteca P\u00fablica del estado Mar\u00eda Calca\u00f1o, fue el escenario para que 30 marcas mostraran sus productos en la Fiesta Zuliana del Caf\u00e9 y se realizara el campeonato regional de baristas Aero Press.<\/p>\n\n\n\n<p>El evento fue inaugurado por el gobernador del Zulia, Luis Caldera, acompa\u00f1ado de la primera dama, Rosselyn L\u00f3pez de Caldera y la presidenta del Consejo Legislativo del estado (Clez), Magdely Valbuena.<\/p>\n\n\n\n<figure class=\"wp-block-image size-large\"><img fetchpriority=\"high\" decoding=\"async\" width=\"1024\" height=\"683\" src=\"https:\/\/entretormentas.com\/wp-content\/uploads\/2025\/06\/cafe2-1024x683.jpeg\" alt=\"\" class=\"wp-image-18254\" srcset=\"https:\/\/entretormentas.com\/wp-content\/uploads\/2025\/06\/cafe2-1024x683.jpeg 1024w, https:\/\/entretormentas.com\/wp-content\/uploads\/2025\/06\/cafe2-300x200.jpeg 300w, https:\/\/entretormentas.com\/wp-content\/uploads\/2025\/06\/cafe2-768x512.jpeg 768w, https:\/\/entretormentas.com\/wp-content\/uploads\/2025\/06\/cafe2.jpeg 1280w\" sizes=\"(max-width: 1024px) 100vw, 1024px\" \/><\/figure>\n\n\n\n<p>En la actividad, el mandatario regional anunci\u00f3 la pronta instalaci\u00f3n de la Mesa de la Caficultura del Zulia, que tiene como meta el establecimiento de cuatro viveros y un mill\u00f3n de plantas, en los cinco ejes territoriales.<\/p>\n\n\n\n<p>Para ello estar\u00e1n incorporados el Ministerio del Poder Popular para la Agricultura Productiva y Tierras e instituciones nacionales y regionales del \u00e1rea, para el financiamiento, la producci\u00f3n y la exportaci\u00f3n del caf\u00e9 zuliano.<\/p>\n\n\n\n<p>De igual manera el gobernador Caldera dio a conocer que la vicepresidenta Ejecutiva y del gabinete econ\u00f3mico del Gobierno Nacional, Delcy Rodr\u00edguez, realizar\u00e1 anuncios y revisar\u00e1 el portafolio de la aplicaci\u00f3n de los 13 motores en el estado Zulia, sobre todo en el \u00e1rea gas\u00edfera, petrolera, petroqu\u00edmica y lo que tiene que ver con las exportaciones no tradicionales de acuicultura y pesca, producci\u00f3n de productos farmac\u00e9uticos y manufactura; todo aunado a la agenda social de la Gobernaci\u00f3n zuliana.<\/p>\n\n\n\n<figure class=\"wp-block-image size-large\"><img decoding=\"async\" width=\"1024\" height=\"683\" src=\"https:\/\/entretormentas.com\/wp-content\/uploads\/2025\/06\/cafe3-1024x683.jpeg\" alt=\"\" class=\"wp-image-18255\" srcset=\"https:\/\/entretormentas.com\/wp-content\/uploads\/2025\/06\/cafe3-1024x683.jpeg 1024w, https:\/\/entretormentas.com\/wp-content\/uploads\/2025\/06\/cafe3-300x200.jpeg 300w, https:\/\/entretormentas.com\/wp-content\/uploads\/2025\/06\/cafe3-768x512.jpeg 768w, https:\/\/entretormentas.com\/wp-content\/uploads\/2025\/06\/cafe3.jpeg 1280w\" sizes=\"(max-width: 1024px) 100vw, 1024px\" \/><\/figure>\n\n\n\n<p><strong>CAF\u00c9: ACTIVIDAD HIST\u00d3RICA TRADICIONAL<\/strong><br>Centr\u00e1ndose en la fiesta zuliana del caf\u00e9, manifest\u00f3 que la producci\u00f3n de este rubro es una actividad econ\u00f3mica tradicional en Venezuela, la cual ha venido impulsando en gobierno del presidente Nicol\u00e1s Maduro.<\/p>\n\n\n\n<p>En ese sentido anunci\u00f3 que continuando con ese impulso, aprob\u00f3 la realizaci\u00f3n de la Fiesta Nacional del Caf\u00e9 en el Zulia a finales del pr\u00f3ximo mes de agosto en Maracaibo, la cual se convertir\u00e1 en el epicentro nacional de la caficultura.<\/p>\n\n\n\n<p>\u201cEstos eventos constituyen la nueva etapa del Zulia. La etapa de la gerencia cultural, de la innovaci\u00f3n, de la tecnolog\u00eda, la producci\u00f3n\u201d, manifest\u00f3, al exponer que la producci\u00f3n del caf\u00e9 es una actividad altamente ecol\u00f3gica, sobre todo para la Sierra de Perij\u00e1, con el pueblo yukpa.<br><strong><em>ET \/ Nota de Prensa<\/em><\/strong><\/p>\n","protected":false},"excerpt":{"rendered":"<p>ENTRE TORMENTAS. La Biblioteca P\u00fablica del estado Mar\u00eda Calca\u00f1o, fue el escenario para que 30&#8230;<\/p>\n","protected":false},"author":2,"featured_media":18256,"comment_status":"closed","ping_status":"open","sticky":false,"template":"","format":"standard","meta":{"footnotes":""},"categories":[57,1],"tags":[],"class_list":["post-18253","post","type-post","status-publish","format-standard","has-post-thumbnail","hentry","category-actualidad","category-regionales"],"_links":{"self":[{"href":"https:\/\/entretormentas.com\/index.php?rest_route=\/wp\/v2\/posts\/18253","targetHints":{"allow":["GET"]}}],"collection":[{"href":"https:\/\/entretormentas.com\/index.php?rest_route=\/wp\/v2\/posts"}],"about":[{"href":"https:\/\/entretormentas.com\/index.php?rest_route=\/wp\/v2\/types\/post"}],"author":[{"embeddable":true,"href":"https:\/\/entretormentas.com\/index.php?rest_route=\/wp\/v2\/users\/2"}],"replies":[{"embeddable":true,"href":"https:\/\/entretormentas.com\/index.php?rest_route=%2Fwp%2Fv2%2Fcomments&post=18253"}],"version-history":[{"count":1,"href":"https:\/\/entretormentas.com\/index.php?rest_route=\/wp\/v2\/posts\/18253\/revisions"}],"predecessor-version":[{"id":18257,"href":"https:\/\/entretormentas.com\/index.php?rest_route=\/wp\/v2\/posts\/18253\/revisions\/18257"}],"wp:featuredmedia":[{"embeddable":true,"href":"https:\/\/entretormentas.com\/index.php?rest_route=\/wp\/v2\/media\/18256"}],"wp:attachment":[{"href":"https:\/\/entretormentas.com\/index.php?rest_route=%2Fwp%2Fv2%2Fmedia&parent=18253"}],"wp:term":[{"taxonomy":"category","embeddable":true,"href":"https:\/\/entretormentas.com\/index.php?rest_route=%2Fwp%2Fv2%2Fcategories&post=18253"},{"taxonomy":"post_tag","embeddable":true,"href":"https:\/\/entretormentas.com\/index.php?rest_route=%2Fwp%2Fv2%2Ftags&post=18253"}],"curies":[{"name":"wp","href":"https:\/\/api.w.org\/{rel}","templated":true}]}}