{"id":18263,"date":"2025-06-22T13:25:14","date_gmt":"2025-06-22T11:25:14","guid":{"rendered":"https:\/\/entretormentas.com\/?p=18263"},"modified":"2025-06-22T13:25:14","modified_gmt":"2025-06-22T11:25:14","slug":"plan-cayapa-de-la-salud-gobernador-caldera-da-inicio-a-jornadas-de-intervencion-de-cataratas","status":"publish","type":"post","link":"https:\/\/entretormentas.com\/plan-cayapa-de-la-salud-gobernador-caldera-da-inicio-a-jornadas-de-intervencion-de-cataratas\/","title":{"rendered":"\u00a1PLAN CAYAPA DE LA SALUD! Gobernador Caldera da inicio a jornadas de intervenci\u00f3n de cataratas"},"content":{"rendered":"\n<p><strong>ENTRE TORMENTAS. <\/strong>Para dar resoluci\u00f3n, en una primera etapa, a 405 pacientes, el gobernador del Zulia, Luis Caldera, dio inicio este s\u00e1bado a las jornadas de intervenci\u00f3n de Cataratas, el cual est\u00e1 dentro del gran Plan Cayapa de la Salud Zulia 2025, que involucra no solo atenci\u00f3n en materia de infraestructura y dotaci\u00f3n, sino tambi\u00e9n directamente a los pacientes zulianos en distintas patolog\u00edas.<\/p>\n\n\n\n<p>El gobernador Caldera explic\u00f3 que los pacientes fueron captados mediante el Plan Cayapa de la Salud, a trav\u00e9s de la VenApp del 1&#215;10 del Buen Gobierno y en solicitudes que le han hecho directamente en los recorridos realizados por las comunidades, as\u00ed como en cartas enviadas a la sede de la Gobernaci\u00f3n.<\/p>\n\n\n\n<figure class=\"wp-block-image size-large\"><img fetchpriority=\"high\" decoding=\"async\" width=\"1024\" height=\"682\" src=\"https:\/\/entretormentas.com\/wp-content\/uploads\/2025\/06\/catarata2-1024x682.jpeg\" alt=\"\" class=\"wp-image-18264\" srcset=\"https:\/\/entretormentas.com\/wp-content\/uploads\/2025\/06\/catarata2-1024x682.jpeg 1024w, https:\/\/entretormentas.com\/wp-content\/uploads\/2025\/06\/catarata2-300x200.jpeg 300w, https:\/\/entretormentas.com\/wp-content\/uploads\/2025\/06\/catarata2-768x512.jpeg 768w, https:\/\/entretormentas.com\/wp-content\/uploads\/2025\/06\/catarata2.jpeg 1280w\" sizes=\"(max-width: 1024px) 100vw, 1024px\" \/><\/figure>\n\n\n\n<p>El plan de cataratas incluye la evaluaci\u00f3n preoperatoria, el acto quir\u00fargico y el postoperatorio con m\u00e9dicos especialistas, quienes cuentan con equipos de \u00faltima generaci\u00f3n, y con el apoyo del presidente, Nicol\u00e1s Maduro.<\/p>\n\n\n\n<p>Indic\u00f3 que se resolver\u00e1n entre 50 y 60 pacientes diarios, hasta cumplir con los 405 y que ya se est\u00e1 planificando una jornada de captaci\u00f3n de 400 m\u00e1s, en los cinco municipios del Sur del Lago, para as\u00ed ir abordando con este plan las cinco subregiones del estado.<\/p>\n\n\n\n<figure class=\"wp-block-image size-large\"><img decoding=\"async\" width=\"1024\" height=\"819\" src=\"https:\/\/entretormentas.com\/wp-content\/uploads\/2025\/06\/catarata3-1024x819.jpeg\" alt=\"\" class=\"wp-image-18265\" srcset=\"https:\/\/entretormentas.com\/wp-content\/uploads\/2025\/06\/catarata3-1024x819.jpeg 1024w, https:\/\/entretormentas.com\/wp-content\/uploads\/2025\/06\/catarata3-300x240.jpeg 300w, https:\/\/entretormentas.com\/wp-content\/uploads\/2025\/06\/catarata3-768x614.jpeg 768w, https:\/\/entretormentas.com\/wp-content\/uploads\/2025\/06\/catarata3.jpeg 1280w\" sizes=\"(max-width: 1024px) 100vw, 1024px\" \/><\/figure>\n\n\n\n<p>Adelant\u00f3 que, en evaluaciones y estudios sobre patolog\u00edas oftalmol\u00f3gicas, la cataratas es la de mayor solicitud, pero tambi\u00e9n se registra el pterigi\u00f3n, conocida tambi\u00e9n como carnosidad en el ojo y enfermedades de la retina, para lo cual tambi\u00e9n se desarrollar\u00e1n jornadas.<\/p>\n\n\n\n<p>\u201cAqu\u00ed est\u00e1 el Zulia que se levanta, el Zulia que tiene como prioridad la salud con el Plan Cayapa de la Salud 2025, para devolver a los pacientes su visi\u00f3n\u201d, puntualiz\u00f3 el gobernador Caldera.<br><strong><em>ET \/ Nota de Prensa<\/em><\/strong><\/p>\n\n\n\n<p><\/p>\n","protected":false},"excerpt":{"rendered":"<p>ENTRE TORMENTAS. Para dar resoluci\u00f3n, en una primera etapa, a 405 pacientes, el gobernador del&#8230;<\/p>\n","protected":false},"author":2,"featured_media":18266,"comment_status":"closed","ping_status":"open","sticky":false,"template":"","format":"standard","meta":{"footnotes":""},"categories":[57,1],"tags":[],"class_list":["post-18263","post","type-post","status-publish","format-standard","has-post-thumbnail","hentry","category-actualidad","category-regionales"],"_links":{"self":[{"href":"https:\/\/entretormentas.com\/index.php?rest_route=\/wp\/v2\/posts\/18263","targetHints":{"allow":["GET"]}}],"collection":[{"href":"https:\/\/entretormentas.com\/index.php?rest_route=\/wp\/v2\/posts"}],"about":[{"href":"https:\/\/entretormentas.com\/index.php?rest_route=\/wp\/v2\/types\/post"}],"author":[{"embeddable":true,"href":"https:\/\/entretormentas.com\/index.php?rest_route=\/wp\/v2\/users\/2"}],"replies":[{"embeddable":true,"href":"https:\/\/entretormentas.com\/index.php?rest_route=%2Fwp%2Fv2%2Fcomments&post=18263"}],"version-history":[{"count":1,"href":"https:\/\/entretormentas.com\/index.php?rest_route=\/wp\/v2\/posts\/18263\/revisions"}],"predecessor-version":[{"id":18267,"href":"https:\/\/entretormentas.com\/index.php?rest_route=\/wp\/v2\/posts\/18263\/revisions\/18267"}],"wp:featuredmedia":[{"embeddable":true,"href":"https:\/\/entretormentas.com\/index.php?rest_route=\/wp\/v2\/media\/18266"}],"wp:attachment":[{"href":"https:\/\/entretormentas.com\/index.php?rest_route=%2Fwp%2Fv2%2Fmedia&parent=18263"}],"wp:term":[{"taxonomy":"category","embeddable":true,"href":"https:\/\/entretormentas.com\/index.php?rest_route=%2Fwp%2Fv2%2Fcategories&post=18263"},{"taxonomy":"post_tag","embeddable":true,"href":"https:\/\/entretormentas.com\/index.php?rest_route=%2Fwp%2Fv2%2Ftags&post=18263"}],"curies":[{"name":"wp","href":"https:\/\/api.w.org\/{rel}","templated":true}]}}