{"id":18271,"date":"2025-06-22T13:33:18","date_gmt":"2025-06-22T11:33:18","guid":{"rendered":"https:\/\/entretormentas.com\/?p=18271"},"modified":"2025-06-22T13:33:18","modified_gmt":"2025-06-22T11:33:18","slug":"ante-la-onu-venezuela-exige-la-liberacion-de-los-252-migrantes-llevados-a-el-salvador","status":"publish","type":"post","link":"https:\/\/entretormentas.com\/ante-la-onu-venezuela-exige-la-liberacion-de-los-252-migrantes-llevados-a-el-salvador\/","title":{"rendered":"\u00a1ANTE LA ONU! Venezuela exige la liberaci\u00f3n de los 252 migrantes llevados a El Salvador"},"content":{"rendered":"\n<p><strong>ENTRE TORMENTAS.<\/strong> El representante Permanente de Venezuela ante la Organizaci\u00f3n de Naciones Unidas (ONU) en Ginebra, Suiza, Alexander Y\u00e1nez, afirm\u00f3 que la naci\u00f3n exige la liberaci\u00f3n inmediata de los migrantes venezolanos secuestrados por los gobiernos de Estados Unidos y El Salvador, mientras advirti\u00f3 que el silencio no es una opci\u00f3n ante estos casos.<\/p>\n\n\n\n<p>\u00abHoy me acompa\u00f1an cinco familiares de estos migrantes venezolanos cuyos testimonios corroboran la desaparici\u00f3n forzada de sus hijos y esposos hasta hoy por 96 d\u00edas, detenidos arbitrariamente en Estados Unidos por ser venezolanos y migrantes, fueron trasladados bajo enga\u00f1o a El Salvador en el que han sido v\u00edctima de tratos crueles, inhumanos y degradantes de toda clase. Venezuela exige la libertad inmediata incondicional de los venezolanos migrantes secuestrados en El Salvador, el silencio no es una opci\u00f3n\u00bb, destac\u00f3.<\/p>\n\n\n\n<p>Para ellos que su caso fuera escuchado en una de las salas m\u00e1s emblem\u00e1ticas del sistema multilateral significa visibilizaci\u00f3n, pero sobre todo una esperanza concreta de justicia internacional para retornar a dichos migrantes.<\/p>\n\n\n\n<p>En ese sentido, el miembro del Comit\u00e9 de Defensa de Migrantes venezolanos secuestrados en El Salvador, \u00c1ngel Blanco, resalt\u00f3 la importancia de que \u00abel mundo se enter\u00f3 de la verdad, la verdad contada por los padres por lo que vivimos a diario, por lo que sufrimos esta terrible crueldad\u00bb.<br><strong><em>ET \/ Agencias<\/em><\/strong><\/p>\n\n\n\n<p><\/p>\n","protected":false},"excerpt":{"rendered":"<p>ENTRE TORMENTAS. El representante Permanente de Venezuela ante la Organizaci\u00f3n de Naciones Unidas (ONU) en&#8230;<\/p>\n","protected":false},"author":2,"featured_media":18272,"comment_status":"closed","ping_status":"open","sticky":false,"template":"","format":"standard","meta":{"footnotes":""},"categories":[56,49],"tags":[],"class_list":["post-18271","post","type-post","status-publish","format-standard","has-post-thumbnail","hentry","category-destacadas","category-nacionales"],"_links":{"self":[{"href":"https:\/\/entretormentas.com\/index.php?rest_route=\/wp\/v2\/posts\/18271","targetHints":{"allow":["GET"]}}],"collection":[{"href":"https:\/\/entretormentas.com\/index.php?rest_route=\/wp\/v2\/posts"}],"about":[{"href":"https:\/\/entretormentas.com\/index.php?rest_route=\/wp\/v2\/types\/post"}],"author":[{"embeddable":true,"href":"https:\/\/entretormentas.com\/index.php?rest_route=\/wp\/v2\/users\/2"}],"replies":[{"embeddable":true,"href":"https:\/\/entretormentas.com\/index.php?rest_route=%2Fwp%2Fv2%2Fcomments&post=18271"}],"version-history":[{"count":1,"href":"https:\/\/entretormentas.com\/index.php?rest_route=\/wp\/v2\/posts\/18271\/revisions"}],"predecessor-version":[{"id":18273,"href":"https:\/\/entretormentas.com\/index.php?rest_route=\/wp\/v2\/posts\/18271\/revisions\/18273"}],"wp:featuredmedia":[{"embeddable":true,"href":"https:\/\/entretormentas.com\/index.php?rest_route=\/wp\/v2\/media\/18272"}],"wp:attachment":[{"href":"https:\/\/entretormentas.com\/index.php?rest_route=%2Fwp%2Fv2%2Fmedia&parent=18271"}],"wp:term":[{"taxonomy":"category","embeddable":true,"href":"https:\/\/entretormentas.com\/index.php?rest_route=%2Fwp%2Fv2%2Fcategories&post=18271"},{"taxonomy":"post_tag","embeddable":true,"href":"https:\/\/entretormentas.com\/index.php?rest_route=%2Fwp%2Fv2%2Ftags&post=18271"}],"curies":[{"name":"wp","href":"https:\/\/api.w.org\/{rel}","templated":true}]}}