{"id":18277,"date":"2025-06-22T13:39:23","date_gmt":"2025-06-22T11:39:23","guid":{"rendered":"https:\/\/entretormentas.com\/?p=18277"},"modified":"2025-06-22T13:39:23","modified_gmt":"2025-06-22T11:39:23","slug":"comunicado-venezuela-condena-agresion-militar-de-ee-uu-contra-instalaciones-nucleares-iranies","status":"publish","type":"post","link":"https:\/\/entretormentas.com\/comunicado-venezuela-condena-agresion-militar-de-ee-uu-contra-instalaciones-nucleares-iranies\/","title":{"rendered":"\u00a1COMUNICADO! Venezuela condena agresi\u00f3n militar de EE.UU. contra instalaciones nucleares iran\u00edes"},"content":{"rendered":"\n<p><strong>ENTRE TORMENTAS. <\/strong>Caracas rechaz\u00f3 categ\u00f3ricamente este s\u00e1bado el bombardeo ejecutado por el Ej\u00e9rcito de Estados Unidos contra instalaciones nucleares en la Rep\u00fablica Isl\u00e1mica de Ir\u00e1n, incluyendo los complejos de Fordow, Natanz e Isfahan, en una escalada que eleva las tensiones geopol\u00edticas mundiales.<\/p>\n\n\n\n<p>El comunicado oficial emitido por la Canciller\u00eda venezolana denunci\u00f3 el ataque como \u00abun acto de agresi\u00f3n ilegal, injustificable y extremadamente peligroso\u00bb que vulnera la Carta de las Naciones Unidas y los principios fundamentales del derecho internacional.<\/p>\n\n\n\n<p>La Rep\u00fablica Bolivariana caracteriz\u00f3 la ofensiva militar como una violaci\u00f3n flagrante a la soberan\u00eda estatal iran\u00ed, subrayando que este tipo de acciones unilaterales socavan los mecanismos multilaterales de resoluci\u00f3n de conflictos establecidos por la comunidad internacional.<\/p>\n\n\n\n<figure class=\"wp-block-image size-large\"><img fetchpriority=\"high\" decoding=\"async\" width=\"782\" height=\"1024\" src=\"https:\/\/entretormentas.com\/wp-content\/uploads\/2025\/06\/respue2-782x1024.jpeg\" alt=\"\" class=\"wp-image-18278\" srcset=\"https:\/\/entretormentas.com\/wp-content\/uploads\/2025\/06\/respue2-782x1024.jpeg 782w, https:\/\/entretormentas.com\/wp-content\/uploads\/2025\/06\/respue2-229x300.jpeg 229w, https:\/\/entretormentas.com\/wp-content\/uploads\/2025\/06\/respue2-768x1005.jpeg 768w, https:\/\/entretormentas.com\/wp-content\/uploads\/2025\/06\/respue2.jpeg 978w\" sizes=\"(max-width: 782px) 100vw, 782px\" \/><\/figure>\n\n\n\n<p>\u00abBombardear instalaciones nucleares, con todos los riesgos que ello implica para la vida humana y el equilibrio ambiental de la regi\u00f3n, es una escalada irresponsable\u00bb, advirti\u00f3 el documento gubernamental, que tambi\u00e9n alert\u00f3 sobre las consecuencias incalculables para la estabilidad global.<\/p>\n\n\n\n<p>Venezuela reafirm\u00f3 su \u00absolidaridad inquebrantable con el pueblo iran\u00ed\u00bb y su compromiso hist\u00f3rico con la defensa de la soberan\u00eda nacional frente a intervenciones extranjeras, posicion\u00e1ndose como un actor relevante en la denuncia de estas pr\u00e1cticas.<\/p>\n\n\n\n<p>La Canciller\u00eda bolivariana calific\u00f3 el bombardeo estadounidense como \u00abuna amenaza directa a la paz internacional\u00bb, instando a la comunidad global a pronunciarse contra este tipo de acciones que desestabilizan el orden mundial.<\/p>\n\n\n\n<p>\u00abLa paz, la soberan\u00eda y la defensa del derecho internacional constituyen el \u00fanico camino viable para la convivencia entre las naciones\u00bb, enfatiz\u00f3 el comunicado, que tambi\u00e9n exigi\u00f3 el cese inmediato de las hostilidades.<br><strong><em>ET \/ Telesur<\/em><\/strong><\/p>\n","protected":false},"excerpt":{"rendered":"<p>ENTRE TORMENTAS. Caracas rechaz\u00f3 categ\u00f3ricamente este s\u00e1bado el bombardeo ejecutado por el Ej\u00e9rcito de Estados&#8230;<\/p>\n","protected":false},"author":2,"featured_media":18279,"comment_status":"closed","ping_status":"open","sticky":false,"template":"","format":"standard","meta":{"footnotes":""},"categories":[56,49],"tags":[],"class_list":["post-18277","post","type-post","status-publish","format-standard","has-post-thumbnail","hentry","category-destacadas","category-nacionales"],"_links":{"self":[{"href":"https:\/\/entretormentas.com\/index.php?rest_route=\/wp\/v2\/posts\/18277","targetHints":{"allow":["GET"]}}],"collection":[{"href":"https:\/\/entretormentas.com\/index.php?rest_route=\/wp\/v2\/posts"}],"about":[{"href":"https:\/\/entretormentas.com\/index.php?rest_route=\/wp\/v2\/types\/post"}],"author":[{"embeddable":true,"href":"https:\/\/entretormentas.com\/index.php?rest_route=\/wp\/v2\/users\/2"}],"replies":[{"embeddable":true,"href":"https:\/\/entretormentas.com\/index.php?rest_route=%2Fwp%2Fv2%2Fcomments&post=18277"}],"version-history":[{"count":1,"href":"https:\/\/entretormentas.com\/index.php?rest_route=\/wp\/v2\/posts\/18277\/revisions"}],"predecessor-version":[{"id":18280,"href":"https:\/\/entretormentas.com\/index.php?rest_route=\/wp\/v2\/posts\/18277\/revisions\/18280"}],"wp:featuredmedia":[{"embeddable":true,"href":"https:\/\/entretormentas.com\/index.php?rest_route=\/wp\/v2\/media\/18279"}],"wp:attachment":[{"href":"https:\/\/entretormentas.com\/index.php?rest_route=%2Fwp%2Fv2%2Fmedia&parent=18277"}],"wp:term":[{"taxonomy":"category","embeddable":true,"href":"https:\/\/entretormentas.com\/index.php?rest_route=%2Fwp%2Fv2%2Fcategories&post=18277"},{"taxonomy":"post_tag","embeddable":true,"href":"https:\/\/entretormentas.com\/index.php?rest_route=%2Fwp%2Fv2%2Ftags&post=18277"}],"curies":[{"name":"wp","href":"https:\/\/api.w.org\/{rel}","templated":true}]}}