{"id":18290,"date":"2025-06-23T10:29:04","date_gmt":"2025-06-23T08:29:04","guid":{"rendered":"https:\/\/entretormentas.com\/?p=18290"},"modified":"2025-06-23T10:29:05","modified_gmt":"2025-06-23T08:29:05","slug":"consolidacion-comunal-dotadas-331-salas-de-autogobierno-popular-del-zulia","status":"publish","type":"post","link":"https:\/\/entretormentas.com\/consolidacion-comunal-dotadas-331-salas-de-autogobierno-popular-del-zulia\/","title":{"rendered":"\u00a1CONSOLIDACI\u00d3N COMUNAL! Dotadas 331 Salas de Autogobierno Popular del Zulia"},"content":{"rendered":"\n<p><strong>ENTRE TORMENTAS. <\/strong>Para la consolidaci\u00f3n de la ruta comunal en los territorios, el Gobierno Nacional, mediante el Ministerio del Poder Popular para las Comunas, Movimientos Sociales y Agricultura Urbana, dot\u00f3 331 Salas de Autogobierno Popular del Zulia, en un acto realizado en las instalaciones del Instituto para el Control y Conservaci\u00f3n de la Cuenca del Lago de Maracaibo (Iclam).<\/p>\n\n\n\n<p>El acto estuvo encabezado por el ministro para las Comunas, Movimientos Sociales y Agricultura Urbana, \u00c1ngel Prado, y el gobernador bolivariano del Zulia, Luis Caldera, quien destac\u00f3 que la dotaci\u00f3n comprende 331 kits conformado cada uno de ellos por computadora, proyector, router, impresora, sillas y mesas.<\/p>\n\n\n\n<p>El gobernador Caldera destac\u00f3 que son herramientas para la planificaci\u00f3n, lo cual el pueblo lo ha hecho siempre con limitaciones, pero con amor, con el esfuerzo de la Gobernaci\u00f3n Bolivariana del estado Zulia y con estos equipos, va a ampliar en el plan comunal, en la Agenda Concreta de Acci\u00f3n y en la articulaci\u00f3n de las soluciones para los zulianos y las zulianas.<\/p>\n\n\n\n<figure class=\"wp-block-image size-large\"><img fetchpriority=\"high\" decoding=\"async\" width=\"1024\" height=\"683\" src=\"https:\/\/entretormentas.com\/wp-content\/uploads\/2025\/06\/comuna2-1024x683.jpeg\" alt=\"\" class=\"wp-image-18291\" srcset=\"https:\/\/entretormentas.com\/wp-content\/uploads\/2025\/06\/comuna2-1024x683.jpeg 1024w, https:\/\/entretormentas.com\/wp-content\/uploads\/2025\/06\/comuna2-300x200.jpeg 300w, https:\/\/entretormentas.com\/wp-content\/uploads\/2025\/06\/comuna2-768x512.jpeg 768w, https:\/\/entretormentas.com\/wp-content\/uploads\/2025\/06\/comuna2-1536x1025.jpeg 1536w, https:\/\/entretormentas.com\/wp-content\/uploads\/2025\/06\/comuna2-2048x1366.jpeg 2048w\" sizes=\"(max-width: 1024px) 100vw, 1024px\" \/><\/figure>\n\n\n\n<p>Adelant\u00f3 que esta es la primera fase de entrega y que en las pr\u00f3ximas semanas ser\u00e1n completadas con sus kits, las 576 Salas de Autogobierno Popular, conformadas en la entidad.<\/p>\n\n\n\n<p>El ministro Prado manifest\u00f3 que las comunas del Zulia se encuentran revisando a detalle todo en relaci\u00f3n a temas en las \u00e1reas de salud, sistema el\u00e9ctrico, de recuperaci\u00f3n de infraestructura educativa, de vialidad agr\u00edcola, de seguridad social.<\/p>\n\n\n\n<p>\u201cEste pueblo est\u00e1 celebrando la victoria del hermano Luis Caldera en la Gobernaci\u00f3n, pero desde la acci\u00f3n concreta, desde el trabajo concreto con resultados muy positivos\u201d, expres\u00f3.<\/p>\n\n\n\n<p>El titular de la cartera ministerial y el gobernador bolivariano, tambi\u00e9n se encontraron con los j\u00f3venes en una asamblea realizada en el municipio San Francisco, donde debatieron sus proyectos para la Consulta Popular de la Juventud, pautada para el pr\u00f3ximo 27 de julio.<\/p>\n\n\n\n<p><strong>APOYO TOTAL DE DI MARTINO<\/strong><br>El ministro Prado expres\u00f3 palabras a todos los comuneros, a quienes les reiter\u00f3 que \u201cse han superado 30 a\u00f1os de desidia compa\u00f1ero Gian Carlo Di Martino, un placer conocerlo personalmente, desde hace a\u00f1os le tenemos admiraci\u00f3n sobre todo porque escuchamos al Comandante Hugo Ch\u00e1vez hablar muy bien de usted, ha sido el mejor alcalde que ha tenido Maracaibo\u201d.<\/p>\n\n\n\n<figure class=\"wp-block-image size-large\"><img decoding=\"async\" width=\"1024\" height=\"768\" src=\"https:\/\/entretormentas.com\/wp-content\/uploads\/2025\/06\/comuna3-1024x768.jpeg\" alt=\"\" class=\"wp-image-18292\" srcset=\"https:\/\/entretormentas.com\/wp-content\/uploads\/2025\/06\/comuna3-1024x768.jpeg 1024w, https:\/\/entretormentas.com\/wp-content\/uploads\/2025\/06\/comuna3-300x225.jpeg 300w, https:\/\/entretormentas.com\/wp-content\/uploads\/2025\/06\/comuna3-768x576.jpeg 768w, https:\/\/entretormentas.com\/wp-content\/uploads\/2025\/06\/comuna3.jpeg 1280w\" sizes=\"(max-width: 1024px) 100vw, 1024px\" \/><\/figure>\n\n\n\n<p>Se\u00f1al\u00f3 que as\u00ed como estuvo presente recorriendo las zonas m\u00e1s populares del estado Zulia \u201ccon el hermano Luis Caldera y con ese sol inclemente, porque hab\u00eda que contribuir con el Zulia; cr\u00e9ame que si ustedes hoy nos dicen que nos mudemos al Zulia para la campa\u00f1a de Gian Carlo Di Martino, lo vamos a hacer y con todo el cari\u00f1o del mundo y con toda la responsabilidad del mundo, porque ciudades as\u00ed como Caracas, Barquisimeto, Valencia, Maracaibo tienen que estar gobernadas por un chavista y por la revoluci\u00f3n bolivariana. Hicimos un gran esfuerzo por conquistar la Gobernaci\u00f3n del Zulia y hoy esa gobernaci\u00f3n empez\u00f3 a demostrar que est\u00e1 al servicio de las comunas\u201d, enfatiz\u00f3.<\/p>\n\n\n\n<p>Por su parte, Di Martino dijo sentirse agradecido con el movimiento comunal por hacer realidad el sue\u00f1o de Ch\u00e1vez, \u201cnos quitamos la investidura de gobernadores, alcaldes, ministros, para decir \u00a1somos comuneros! porque el poder est\u00e1 en ustedes, en el pueblo, ustedes nos direccionan, nos dicen para d\u00f3nde tenemos que ir, ustedes nos ponen y ustedes nos quitan. Gracias hermanas y hermanos, por direccionar el gobierno, por hacer realidad esa pasi\u00f3n y ese amor que Ch\u00e1vez puso en el pueblo, hoy la comuna, los comuneros y las comuneras representan el gobierno, gracias, gracias ministro por este esfuerzo grande, inmenso, que est\u00e1 haciendo, gracias a nuestro nuevo gobernador Luis Caldera, un verdadero gobernador que gobierna para el pueblo\u201d, concluy\u00f3 el aspirante al ayuntamiento marabino.<br><strong><em>ET \/ Nota de Prensa<\/em><\/strong><\/p>\n","protected":false},"excerpt":{"rendered":"<p>ENTRE TORMENTAS. Para la consolidaci\u00f3n de la ruta comunal en los territorios, el Gobierno Nacional,&#8230;<\/p>\n","protected":false},"author":2,"featured_media":18293,"comment_status":"closed","ping_status":"open","sticky":false,"template":"","format":"standard","meta":{"footnotes":""},"categories":[57,1],"tags":[],"class_list":["post-18290","post","type-post","status-publish","format-standard","has-post-thumbnail","hentry","category-actualidad","category-regionales"],"_links":{"self":[{"href":"https:\/\/entretormentas.com\/index.php?rest_route=\/wp\/v2\/posts\/18290","targetHints":{"allow":["GET"]}}],"collection":[{"href":"https:\/\/entretormentas.com\/index.php?rest_route=\/wp\/v2\/posts"}],"about":[{"href":"https:\/\/entretormentas.com\/index.php?rest_route=\/wp\/v2\/types\/post"}],"author":[{"embeddable":true,"href":"https:\/\/entretormentas.com\/index.php?rest_route=\/wp\/v2\/users\/2"}],"replies":[{"embeddable":true,"href":"https:\/\/entretormentas.com\/index.php?rest_route=%2Fwp%2Fv2%2Fcomments&post=18290"}],"version-history":[{"count":1,"href":"https:\/\/entretormentas.com\/index.php?rest_route=\/wp\/v2\/posts\/18290\/revisions"}],"predecessor-version":[{"id":18294,"href":"https:\/\/entretormentas.com\/index.php?rest_route=\/wp\/v2\/posts\/18290\/revisions\/18294"}],"wp:featuredmedia":[{"embeddable":true,"href":"https:\/\/entretormentas.com\/index.php?rest_route=\/wp\/v2\/media\/18293"}],"wp:attachment":[{"href":"https:\/\/entretormentas.com\/index.php?rest_route=%2Fwp%2Fv2%2Fmedia&parent=18290"}],"wp:term":[{"taxonomy":"category","embeddable":true,"href":"https:\/\/entretormentas.com\/index.php?rest_route=%2Fwp%2Fv2%2Fcategories&post=18290"},{"taxonomy":"post_tag","embeddable":true,"href":"https:\/\/entretormentas.com\/index.php?rest_route=%2Fwp%2Fv2%2Ftags&post=18290"}],"curies":[{"name":"wp","href":"https:\/\/api.w.org\/{rel}","templated":true}]}}