{"id":18299,"date":"2025-06-23T10:35:26","date_gmt":"2025-06-23T08:35:26","guid":{"rendered":"https:\/\/entretormentas.com\/?p=18299"},"modified":"2025-06-23T10:35:26","modified_gmt":"2025-06-23T08:35:26","slug":"san-francisco-agradecido-en-francisco-ochoa-califican-al-servicio-de-aseo-domiciliario-como-eficiente","status":"publish","type":"post","link":"https:\/\/entretormentas.com\/san-francisco-agradecido-en-francisco-ochoa-califican-al-servicio-de-aseo-domiciliario-como-eficiente\/","title":{"rendered":"\u00a1SAN FRANCISCO AGRADECIDO! En Francisco Ochoa califican al servicio de Aseo Domiciliario como eficiente"},"content":{"rendered":"\n<p><strong>ENTRE TORMENTAS.<\/strong> El plan San Francisco Limpio, impulsado por la gesti\u00f3n del alcalde Gustavo Fern\u00e1ndez a trav\u00e9s del Instituto P\u00fablico Municipal de Ambiente y Aseo Urbano (Imasur), contin\u00faa sus labores en la recolecci\u00f3n de desechos s\u00f3lidos, atendiendo diariamente a los vecinos de la parroquia Francisco Ochoa y adicionando la atenci\u00f3n con Operativos de Limpieza para as\u00ed garantizar el bienestar de los ciudadanos.<\/p>\n\n\n\n<p>Javier Solano, director de Aseo Urbano y Domiciliario, inform\u00f3 que diariamente en esta parroquia son recolectadas 126 toneladas de desechos s\u00f3lidos a trav\u00e9s del sistema de recolecci\u00f3n casa a casa, sum\u00e1ndose un aproximado de 300 toneladas en los Operativos Especiales, utilizando maquinaria pesada como: siete volquetas, dos tractores, un cargador y una retroexcavadora.<\/p>\n\n\n\n<figure class=\"wp-block-image size-large\"><img fetchpriority=\"high\" decoding=\"async\" width=\"1024\" height=\"680\" src=\"https:\/\/entretormentas.com\/wp-content\/uploads\/2025\/06\/DOMI2-1024x680.jpeg\" alt=\"\" class=\"wp-image-18300\" srcset=\"https:\/\/entretormentas.com\/wp-content\/uploads\/2025\/06\/DOMI2-1024x680.jpeg 1024w, https:\/\/entretormentas.com\/wp-content\/uploads\/2025\/06\/DOMI2-300x199.jpeg 300w, https:\/\/entretormentas.com\/wp-content\/uploads\/2025\/06\/DOMI2-768x510.jpeg 768w, https:\/\/entretormentas.com\/wp-content\/uploads\/2025\/06\/DOMI2.jpeg 1280w\" sizes=\"(max-width: 1024px) 100vw, 1024px\" \/><\/figure>\n\n\n\n<p>Los habitantes de la parroquia Francisco Ochoa han manifestado un cambio notorio en el servicio. Aunque reconocen que es un trabajo arduo que durante un tiempo present\u00f3 algunas deficiencias, creen que junto a la comunidad y ciudadanos conscientes se puede lograr una recuperaci\u00f3n beneficiosa y atacar el exceso de desechos s\u00f3lidos en la parroquia.<\/p>\n\n\n\n<p>Luzmarina Beloria, habitante del sector Sierra Maestra, expres\u00f3: \u201cEl servicio de Aseo Urbano es excelente; pasa todo el viernes regularmente. Estamos contentos con este servicio que nuevamente se reactiva. Es muy importante que como ciudadanos tengamos conciencia, ya que todav\u00eda hay personas que depositan la basura en la avenida Uni\u00f3n y los animales la sacan y la riegan en la calle\u201d.<\/p>\n\n\n\n<figure class=\"wp-block-image size-large\"><img decoding=\"async\" width=\"1024\" height=\"680\" src=\"https:\/\/entretormentas.com\/wp-content\/uploads\/2025\/06\/DOMI3-1024x680.jpeg\" alt=\"\" class=\"wp-image-18301\" srcset=\"https:\/\/entretormentas.com\/wp-content\/uploads\/2025\/06\/DOMI3-1024x680.jpeg 1024w, https:\/\/entretormentas.com\/wp-content\/uploads\/2025\/06\/DOMI3-300x199.jpeg 300w, https:\/\/entretormentas.com\/wp-content\/uploads\/2025\/06\/DOMI3-768x510.jpeg 768w, https:\/\/entretormentas.com\/wp-content\/uploads\/2025\/06\/DOMI3.jpeg 1280w\" sizes=\"(max-width: 1024px) 100vw, 1024px\" \/><\/figure>\n\n\n\n<p>Por su parte, el se\u00f1or Luis Guerrero, habitante del sector Sierra Maestra, considera que el servicio es bueno y que se puede mejorar, pero para esto tambi\u00e9n se debe, como ciudadanos, comprometerse a evitar contaminar zonas recuperadas o utilizar lugares inadecuados como vertederos. \u201cEl servicio de Aseo pasa una vez a la semana; como vecinos podemos esperarlo y evitar echar basura en la calle\u201d, declar\u00f3.<\/p>\n\n\n\n<p>\u201cMe parece excelente y apropiado para mantener limpio el lugar y evitar tanta contaminaci\u00f3n ambiental que afecta a toda la comunidad. Aqu\u00ed hay muchos ni\u00f1os que pueden padecer de muchas enfermedades. Hago un llamado a las personas para que tengan conciencia de envolver mejor los desechos\u201d, expres\u00f3 Yajaira Colina, vecina del Complejo Habitacional Brisas de Mi Lago.<br><strong><em>ET \/ Alcald\u00eda de San Francisco<\/em><\/strong><\/p>\n\n\n\n<p><\/p>\n","protected":false},"excerpt":{"rendered":"<p>ENTRE TORMENTAS. El plan San Francisco Limpio, impulsado por la gesti\u00f3n del alcalde Gustavo Fern\u00e1ndez&#8230;<\/p>\n","protected":false},"author":2,"featured_media":18302,"comment_status":"closed","ping_status":"open","sticky":false,"template":"","format":"standard","meta":{"footnotes":""},"categories":[57,1],"tags":[],"class_list":["post-18299","post","type-post","status-publish","format-standard","has-post-thumbnail","hentry","category-actualidad","category-regionales"],"_links":{"self":[{"href":"https:\/\/entretormentas.com\/index.php?rest_route=\/wp\/v2\/posts\/18299","targetHints":{"allow":["GET"]}}],"collection":[{"href":"https:\/\/entretormentas.com\/index.php?rest_route=\/wp\/v2\/posts"}],"about":[{"href":"https:\/\/entretormentas.com\/index.php?rest_route=\/wp\/v2\/types\/post"}],"author":[{"embeddable":true,"href":"https:\/\/entretormentas.com\/index.php?rest_route=\/wp\/v2\/users\/2"}],"replies":[{"embeddable":true,"href":"https:\/\/entretormentas.com\/index.php?rest_route=%2Fwp%2Fv2%2Fcomments&post=18299"}],"version-history":[{"count":1,"href":"https:\/\/entretormentas.com\/index.php?rest_route=\/wp\/v2\/posts\/18299\/revisions"}],"predecessor-version":[{"id":18303,"href":"https:\/\/entretormentas.com\/index.php?rest_route=\/wp\/v2\/posts\/18299\/revisions\/18303"}],"wp:featuredmedia":[{"embeddable":true,"href":"https:\/\/entretormentas.com\/index.php?rest_route=\/wp\/v2\/media\/18302"}],"wp:attachment":[{"href":"https:\/\/entretormentas.com\/index.php?rest_route=%2Fwp%2Fv2%2Fmedia&parent=18299"}],"wp:term":[{"taxonomy":"category","embeddable":true,"href":"https:\/\/entretormentas.com\/index.php?rest_route=%2Fwp%2Fv2%2Fcategories&post=18299"},{"taxonomy":"post_tag","embeddable":true,"href":"https:\/\/entretormentas.com\/index.php?rest_route=%2Fwp%2Fv2%2Ftags&post=18299"}],"curies":[{"name":"wp","href":"https:\/\/api.w.org\/{rel}","templated":true}]}}