{"id":18318,"date":"2025-06-23T10:47:05","date_gmt":"2025-06-23T08:47:05","guid":{"rendered":"https:\/\/entretormentas.com\/?p=18318"},"modified":"2025-06-23T10:47:05","modified_gmt":"2025-06-23T08:47:05","slug":"tras-ataques-iran-netanyahu-felicita-a-trump-y-lo-califica-de-aliado-fuerte-y-amigo-incondicional","status":"publish","type":"post","link":"https:\/\/entretormentas.com\/tras-ataques-iran-netanyahu-felicita-a-trump-y-lo-califica-de-aliado-fuerte-y-amigo-incondicional\/","title":{"rendered":"\u00a1TRAS ATAQUES IR\u00c1N! Netanyahu felicita a Trump y lo califica de aliado fuerte y amigo incondicional"},"content":{"rendered":"\n<p><strong>ENTRE TORMENTAS.<\/strong> En un mensaje dirigido a la naci\u00f3n, el primer ministro de Israel, Benjamin Netanyahu, inform\u00f3 sobre un \u00e9xito sin precedentes en la historia del pa\u00eds, relacionado con la neutralizaci\u00f3n del programa nuclear iran\u00ed.<\/p>\n\n\n\n<p>Seg\u00fan sus palabras, la reciente operaci\u00f3n militar conjunta con Estados Unidos logr\u00f3 destruir las tres principales instalaciones nucleares de Ir\u00e1n, en un esfuerzo coordinado que fortalece la seguridad israel\u00ed y la estabilidad mundial.<\/p>\n\n\n\n<p>La informaci\u00f3n fue publicada directamente en la cuenta oficial de X (anteriormente Twitter) de Netanyahu, donde detall\u00f3 que la acci\u00f3n, denominada \u201cAm Kalavi\u201d, se llev\u00f3 a cabo en estrecha colaboraci\u00f3n con el presidente estadounidense Donald Trump y las fuerzas armadas de ambos pa\u00edses.<\/p>\n\n\n\n<p>Netanyahu destac\u00f3 que Estados Unidos intensific\u00f3 los ataques iniciados por las Fuerzas de Defensa de Israel y el Mosad contra las plantas nucleares de Fordow, Natanz e Isfah\u00e1n, instalaciones que representaban una amenaza directa para la existencia de Israel y la paz global.<\/p>\n\n\n\n<p>El primer ministro expres\u00f3 su agradecimiento a Trump, calific\u00e1ndolo como un aliado fuerte y un amigo incondicional de Israel, y comparti\u00f3 que tras la operaci\u00f3n mantuvieron una conversaci\u00f3n c\u00e1lida y emotiva.<\/p>\n\n\n\n<p>Adem\u00e1s, reafirm\u00f3 el compromiso del pueblo israel\u00ed de mantenerse unido y firme en la defensa de su seguridad, concluyendo con un mensaje de esperanza y determinaci\u00f3n basado en un vers\u00edculo b\u00edblico: \u201cSubiremos, porque podremos vencerlos\u201d.<br><strong><em>ET \/ 2001<\/em><\/strong><\/p>\n\n\n\n<p><\/p>\n","protected":false},"excerpt":{"rendered":"<p>ENTRE TORMENTAS. En un mensaje dirigido a la naci\u00f3n, el primer ministro de Israel, Benjamin&#8230;<\/p>\n","protected":false},"author":2,"featured_media":18319,"comment_status":"closed","ping_status":"open","sticky":false,"template":"","format":"standard","meta":{"footnotes":""},"categories":[56,48],"tags":[],"class_list":["post-18318","post","type-post","status-publish","format-standard","has-post-thumbnail","hentry","category-destacadas","category-internacionales"],"_links":{"self":[{"href":"https:\/\/entretormentas.com\/index.php?rest_route=\/wp\/v2\/posts\/18318","targetHints":{"allow":["GET"]}}],"collection":[{"href":"https:\/\/entretormentas.com\/index.php?rest_route=\/wp\/v2\/posts"}],"about":[{"href":"https:\/\/entretormentas.com\/index.php?rest_route=\/wp\/v2\/types\/post"}],"author":[{"embeddable":true,"href":"https:\/\/entretormentas.com\/index.php?rest_route=\/wp\/v2\/users\/2"}],"replies":[{"embeddable":true,"href":"https:\/\/entretormentas.com\/index.php?rest_route=%2Fwp%2Fv2%2Fcomments&post=18318"}],"version-history":[{"count":1,"href":"https:\/\/entretormentas.com\/index.php?rest_route=\/wp\/v2\/posts\/18318\/revisions"}],"predecessor-version":[{"id":18320,"href":"https:\/\/entretormentas.com\/index.php?rest_route=\/wp\/v2\/posts\/18318\/revisions\/18320"}],"wp:featuredmedia":[{"embeddable":true,"href":"https:\/\/entretormentas.com\/index.php?rest_route=\/wp\/v2\/media\/18319"}],"wp:attachment":[{"href":"https:\/\/entretormentas.com\/index.php?rest_route=%2Fwp%2Fv2%2Fmedia&parent=18318"}],"wp:term":[{"taxonomy":"category","embeddable":true,"href":"https:\/\/entretormentas.com\/index.php?rest_route=%2Fwp%2Fv2%2Fcategories&post=18318"},{"taxonomy":"post_tag","embeddable":true,"href":"https:\/\/entretormentas.com\/index.php?rest_route=%2Fwp%2Fv2%2Ftags&post=18318"}],"curies":[{"name":"wp","href":"https:\/\/api.w.org\/{rel}","templated":true}]}}