{"id":18321,"date":"2025-06-23T10:49:35","date_gmt":"2025-06-23T08:49:35","guid":{"rendered":"https:\/\/entretormentas.com\/?p=18321"},"modified":"2025-06-23T10:49:36","modified_gmt":"2025-06-23T08:49:36","slug":"preocupado-leon-xiv-llama-a-frenar-la-guerra-para-evitar-una-voragine-irreparable","status":"publish","type":"post","link":"https:\/\/entretormentas.com\/preocupado-leon-xiv-llama-a-frenar-la-guerra-para-evitar-una-voragine-irreparable\/","title":{"rendered":"\u00a1PREOCUPADO! Le\u00f3n XIV llama a frenar la guerra para evitar una \u201cvor\u00e1gine irreparable\u201d"},"content":{"rendered":"\n<p><strong>ENTRE TORMENTAS. <\/strong>Desde la ventana del Palacio Apost\u00f3lico, el papa Le\u00f3n XIV expres\u00f3 este domingo su preocupaci\u00f3n por la situaci\u00f3n en Medio Oriente y advirti\u00f3 sobre el riesgo de una guerra tras el reciente bombardeo de Estados Unidos sobre territorio iran\u00ed.<\/p>\n\n\n\n<p>\u201cEl deber moral de cada miembro de la comunidad internacional es detener la tragedia de la guerra antes de que se convierta en una vor\u00e1gine irreparable\u201d, afirm\u00f3 el pont\u00edfice durante el tradicional rezo del \u00c1ngelus, ante miles de fieles congregados en la Plaza de San Pedro.<\/p>\n\n\n\n<p>El papa lament\u00f3 las \u201cnoticias alarmantes\u201d procedentes de Ir\u00e1n, pa\u00eds atacado la noche anterior por fuerzas estadounidenses. En su intervenci\u00f3n, record\u00f3 que la escalada entre potencias amenaza con relegar el sufrimiento cotidiano de la poblaci\u00f3n civil, en especial en zonas como Gaza y otros territorios palestinos, donde la asistencia humanitaria \u2014dijo\u2014 se vuelve cada d\u00eda m\u00e1s urgente.<\/p>\n\n\n\n<figure class=\"wp-block-image size-full\"><img fetchpriority=\"high\" decoding=\"async\" width=\"612\" height=\"408\" src=\"https:\/\/entretormentas.com\/wp-content\/uploads\/2025\/06\/LEONX2.jpeg\" alt=\"\" class=\"wp-image-18322\" srcset=\"https:\/\/entretormentas.com\/wp-content\/uploads\/2025\/06\/LEONX2.jpeg 612w, https:\/\/entretormentas.com\/wp-content\/uploads\/2025\/06\/LEONX2-300x200.jpeg 300w\" sizes=\"(max-width: 612px) 100vw, 612px\" \/><\/figure>\n\n\n\n<p>\u201cHoy m\u00e1s que nunca, la humanidad grita e invoca la paz\u201d, sostuvo, y subray\u00f3, que ese clamor \u201cno debe ser sofocado por el fragor de las armas ni por palabras ret\u00f3ricas que incitan al conflicto\u201d.<\/p>\n\n\n\n<p><strong>MENSAJE PAPAL<\/strong><br>En un mensaje dirigido a los l\u00edderes internacionales, el papa record\u00f3 que \u201cno existen conflictos lejanos cuando est\u00e1 en juego la dignidad humana\u201d y alert\u00f3 que \u201cla guerra no resuelve los problemas sino que los amplifica\u201d.<\/p>\n\n\n\n<p>El pont\u00edfice advirti\u00f3 sobre las heridas sociales que los conflictos b\u00e9licos dejan en las comunidades: \u201cSon marcas que tardan generaciones en cicatrizar\u201d. E hizo hincapi\u00e9 en el sufrimiento civil como consecuencia directa de los enfrentamientos armados: \u201cNinguna victoria militar podr\u00e1 compensar el dolor de las madres, el miedo de los ni\u00f1os, el futuro robado\u201d.<\/p>\n\n\n\n<p>Finalmente, inst\u00f3 a la comunidad internacional a dejar de lado los enfrentamientos armados y apostar por mecanismos diplom\u00e1ticos. \u201cQue la diplomacia haga callar las armas, que las naciones tracen su futuro con obras de paz, no con la violencia ni los conflictos sangrientos\u201d, concluy\u00f3.<br><strong><em>ET \/ Infobae<\/em><\/strong><\/p>\n\n\n\n<p><\/p>\n","protected":false},"excerpt":{"rendered":"<p>ENTRE TORMENTAS. Desde la ventana del Palacio Apost\u00f3lico, el papa Le\u00f3n XIV expres\u00f3 este domingo&#8230;<\/p>\n","protected":false},"author":2,"featured_media":18323,"comment_status":"closed","ping_status":"open","sticky":false,"template":"","format":"standard","meta":{"footnotes":""},"categories":[56,48],"tags":[],"class_list":["post-18321","post","type-post","status-publish","format-standard","has-post-thumbnail","hentry","category-destacadas","category-internacionales"],"_links":{"self":[{"href":"https:\/\/entretormentas.com\/index.php?rest_route=\/wp\/v2\/posts\/18321","targetHints":{"allow":["GET"]}}],"collection":[{"href":"https:\/\/entretormentas.com\/index.php?rest_route=\/wp\/v2\/posts"}],"about":[{"href":"https:\/\/entretormentas.com\/index.php?rest_route=\/wp\/v2\/types\/post"}],"author":[{"embeddable":true,"href":"https:\/\/entretormentas.com\/index.php?rest_route=\/wp\/v2\/users\/2"}],"replies":[{"embeddable":true,"href":"https:\/\/entretormentas.com\/index.php?rest_route=%2Fwp%2Fv2%2Fcomments&post=18321"}],"version-history":[{"count":1,"href":"https:\/\/entretormentas.com\/index.php?rest_route=\/wp\/v2\/posts\/18321\/revisions"}],"predecessor-version":[{"id":18324,"href":"https:\/\/entretormentas.com\/index.php?rest_route=\/wp\/v2\/posts\/18321\/revisions\/18324"}],"wp:featuredmedia":[{"embeddable":true,"href":"https:\/\/entretormentas.com\/index.php?rest_route=\/wp\/v2\/media\/18323"}],"wp:attachment":[{"href":"https:\/\/entretormentas.com\/index.php?rest_route=%2Fwp%2Fv2%2Fmedia&parent=18321"}],"wp:term":[{"taxonomy":"category","embeddable":true,"href":"https:\/\/entretormentas.com\/index.php?rest_route=%2Fwp%2Fv2%2Fcategories&post=18321"},{"taxonomy":"post_tag","embeddable":true,"href":"https:\/\/entretormentas.com\/index.php?rest_route=%2Fwp%2Fv2%2Ftags&post=18321"}],"curies":[{"name":"wp","href":"https:\/\/api.w.org\/{rel}","templated":true}]}}