{"id":18334,"date":"2025-06-23T10:57:31","date_gmt":"2025-06-23T08:57:31","guid":{"rendered":"https:\/\/entretormentas.com\/?p=18334"},"modified":"2025-06-23T10:57:32","modified_gmt":"2025-06-23T08:57:32","slug":"rechazo-maduro-condena-ataque-de-eeuu-contra-iran-y-llama-a-la-paz-mundial","status":"publish","type":"post","link":"https:\/\/entretormentas.com\/rechazo-maduro-condena-ataque-de-eeuu-contra-iran-y-llama-a-la-paz-mundial\/","title":{"rendered":"\u00a1RECHAZO! Maduro condena ataque de EEUU contra Ir\u00e1n y llama a la paz mundial"},"content":{"rendered":"\n<p><strong>ENTRE TORMENTAS.<\/strong> El presidente Nicol\u00e1s Maduro, conden\u00f3 este domingo el que calific\u00f3 de \u00abvil ataque\u00bb perpetrado por Estados Unidos contra tres instalaciones principales del programa nuclear de Ir\u00e1n, y advirti\u00f3 de que pone \u00aben peligro la vida y la paz\u00bb.<\/p>\n\n\n\n<p>\u00abEsto ha sido una acci\u00f3n criminal que viola las normas del Derecho Internacional, la Carta de las Naciones Unidas e incluso ignorando las leyes estadounidenses, colocando en peligro la vida y la paz\u00bb, public\u00f3 Maduro en su cuenta de Telegram.<\/p>\n\n\n\n<p>Al reaccionar al anuncio del presidente de EE.UU., Donald Trump, quien comunic\u00f3 el s\u00e1bado que las Fuerzas Armadas de su pa\u00eds acababan de completar un \u00abexitoso ataque en tres instalaciones nucleares de Ir\u00e1n, incluidas Ford\u00f3, Natanz e Isfah\u00e1n\u00bb, Maduro dijo condenar \u00abde manera categ\u00f3rica y firme\u00bb esa acci\u00f3n contra la Rep\u00fablica Isl\u00e1mica de Ir\u00e1n.<\/p>\n\n\n\n<p>\u00abPAZ, PAZ, PAZ es lo que quiere la humanidad, y desde Venezuela alzamos nuestra voz para abogar por la construcci\u00f3n de un mundo de respeto, de igualdad, de di\u00e1logo, sin violencia y sin guerras\u00bb, a\u00f1adi\u00f3.<\/p>\n\n\n\n<p>Adem\u00e1s, expres\u00f3 su \u00ababsoluta\u00bb solidaridad con el \u00abnoble pueblo de Ir\u00e1n, su Gobierno\u00bb y con el \u00abmundo bueno que lucha por la soberan\u00eda y la paz. \u00a1NO M\u00c1S GUERRAS!\u00bb, concluy\u00f3 en su publicaci\u00f3n.<br><strong><em>ET \/ EFE<\/em><\/strong><\/p>\n","protected":false},"excerpt":{"rendered":"<p>ENTRE TORMENTAS. El presidente Nicol\u00e1s Maduro, conden\u00f3 este domingo el que calific\u00f3 de \u00abvil ataque\u00bb&#8230;<\/p>\n","protected":false},"author":2,"featured_media":18335,"comment_status":"closed","ping_status":"open","sticky":false,"template":"","format":"standard","meta":{"footnotes":""},"categories":[56,49],"tags":[],"class_list":["post-18334","post","type-post","status-publish","format-standard","has-post-thumbnail","hentry","category-destacadas","category-nacionales"],"_links":{"self":[{"href":"https:\/\/entretormentas.com\/index.php?rest_route=\/wp\/v2\/posts\/18334","targetHints":{"allow":["GET"]}}],"collection":[{"href":"https:\/\/entretormentas.com\/index.php?rest_route=\/wp\/v2\/posts"}],"about":[{"href":"https:\/\/entretormentas.com\/index.php?rest_route=\/wp\/v2\/types\/post"}],"author":[{"embeddable":true,"href":"https:\/\/entretormentas.com\/index.php?rest_route=\/wp\/v2\/users\/2"}],"replies":[{"embeddable":true,"href":"https:\/\/entretormentas.com\/index.php?rest_route=%2Fwp%2Fv2%2Fcomments&post=18334"}],"version-history":[{"count":1,"href":"https:\/\/entretormentas.com\/index.php?rest_route=\/wp\/v2\/posts\/18334\/revisions"}],"predecessor-version":[{"id":18336,"href":"https:\/\/entretormentas.com\/index.php?rest_route=\/wp\/v2\/posts\/18334\/revisions\/18336"}],"wp:featuredmedia":[{"embeddable":true,"href":"https:\/\/entretormentas.com\/index.php?rest_route=\/wp\/v2\/media\/18335"}],"wp:attachment":[{"href":"https:\/\/entretormentas.com\/index.php?rest_route=%2Fwp%2Fv2%2Fmedia&parent=18334"}],"wp:term":[{"taxonomy":"category","embeddable":true,"href":"https:\/\/entretormentas.com\/index.php?rest_route=%2Fwp%2Fv2%2Fcategories&post=18334"},{"taxonomy":"post_tag","embeddable":true,"href":"https:\/\/entretormentas.com\/index.php?rest_route=%2Fwp%2Fv2%2Ftags&post=18334"}],"curies":[{"name":"wp","href":"https:\/\/api.w.org\/{rel}","templated":true}]}}