{"id":18337,"date":"2025-06-24T16:46:46","date_gmt":"2025-06-24T14:46:46","guid":{"rendered":"https:\/\/entretormentas.com\/?p=18337"},"modified":"2025-06-24T16:46:46","modified_gmt":"2025-06-24T14:46:46","slug":"compromiso-alcalde-ely-ramon-atencio-dio-inicia-reparacion-de-semaforos-en-la-villa-del-rosario","status":"publish","type":"post","link":"https:\/\/entretormentas.com\/compromiso-alcalde-ely-ramon-atencio-dio-inicia-reparacion-de-semaforos-en-la-villa-del-rosario\/","title":{"rendered":"\u00a1COMPROMISO! Alcalde Ely Ram\u00f3n Atencio dio inicia reparaci\u00f3n de sem\u00e1foros en La Villa del Rosario"},"content":{"rendered":"\n<p><strong>ENTRE TORMENTAS. <\/strong>Al igual que todas las semanas, y en estos tres a\u00f1os y medio, \u00abseguimos haciendo el trabajo para lograr el concepto de ciudad que se merece La Villa del Rosario\u00bb. As\u00ed se expres\u00f3 el alcalde de Rosario de Perij\u00e1, Ely Ram\u00f3n Atencio, este lunes 23 de junio durante el inicio de la reparaci\u00f3n del sistema de sem\u00e1foros que tienen mas de una d\u00e9cada en abandono, que est\u00e1n ubicados en las esquinas BNC, Ugavi, Monumento a la Virgen y Jalisco.<\/p>\n\n\n\n<p>Desde el punto BNC y junto a los representantes de la empresa encargada de las reparaciones, la primera autoridad municipal se\u00f1al\u00f3: \u00abVamos a comenzar la reparaci\u00f3n de estos cuatro sem\u00e1foros en una primera etapa, los cuales durante muchos a\u00f1os han estado da\u00f1ados y son una referencia del concepto de ciudad\u00bb.<\/p>\n\n\n\n<figure class=\"wp-block-image size-full\"><img fetchpriority=\"high\" decoding=\"async\" width=\"758\" height=\"962\" src=\"https:\/\/entretormentas.com\/wp-content\/uploads\/2025\/06\/elysema2.jpeg\" alt=\"\" class=\"wp-image-18338\" srcset=\"https:\/\/entretormentas.com\/wp-content\/uploads\/2025\/06\/elysema2.jpeg 758w, https:\/\/entretormentas.com\/wp-content\/uploads\/2025\/06\/elysema2-236x300.jpeg 236w\" sizes=\"(max-width: 758px) 100vw, 758px\" \/><\/figure>\n\n\n\n<p>El burgomaestre habl\u00f3 sobre el desarrollo vial que inici\u00f3 el exgobernador Manuel Rosales en el corredor Valdemar Sandoval y que el actual gobernador Luis Caldera ha continuado. \u00abEn ese sector ser\u00e1 reparado el sem\u00e1foro, al igual que el de Jalisco\u00bb, indic\u00f3.<\/p>\n\n\n\n<p>Se\u00f1al\u00f3 que ha ordenado a la polic\u00eda municipal crear la brigada para reforzar las horas picos, porque el objetivo es tener un municipio seguro.<br><strong><em>ET \/ Nota de Prensa<\/em><\/strong><\/p>\n","protected":false},"excerpt":{"rendered":"<p>ENTRE TORMENTAS. Al igual que todas las semanas, y en estos tres a\u00f1os y medio,&#8230;<\/p>\n","protected":false},"author":2,"featured_media":18339,"comment_status":"closed","ping_status":"open","sticky":false,"template":"","format":"standard","meta":{"footnotes":""},"categories":[57,1],"tags":[],"class_list":["post-18337","post","type-post","status-publish","format-standard","has-post-thumbnail","hentry","category-actualidad","category-regionales"],"_links":{"self":[{"href":"https:\/\/entretormentas.com\/index.php?rest_route=\/wp\/v2\/posts\/18337","targetHints":{"allow":["GET"]}}],"collection":[{"href":"https:\/\/entretormentas.com\/index.php?rest_route=\/wp\/v2\/posts"}],"about":[{"href":"https:\/\/entretormentas.com\/index.php?rest_route=\/wp\/v2\/types\/post"}],"author":[{"embeddable":true,"href":"https:\/\/entretormentas.com\/index.php?rest_route=\/wp\/v2\/users\/2"}],"replies":[{"embeddable":true,"href":"https:\/\/entretormentas.com\/index.php?rest_route=%2Fwp%2Fv2%2Fcomments&post=18337"}],"version-history":[{"count":1,"href":"https:\/\/entretormentas.com\/index.php?rest_route=\/wp\/v2\/posts\/18337\/revisions"}],"predecessor-version":[{"id":18340,"href":"https:\/\/entretormentas.com\/index.php?rest_route=\/wp\/v2\/posts\/18337\/revisions\/18340"}],"wp:featuredmedia":[{"embeddable":true,"href":"https:\/\/entretormentas.com\/index.php?rest_route=\/wp\/v2\/media\/18339"}],"wp:attachment":[{"href":"https:\/\/entretormentas.com\/index.php?rest_route=%2Fwp%2Fv2%2Fmedia&parent=18337"}],"wp:term":[{"taxonomy":"category","embeddable":true,"href":"https:\/\/entretormentas.com\/index.php?rest_route=%2Fwp%2Fv2%2Fcategories&post=18337"},{"taxonomy":"post_tag","embeddable":true,"href":"https:\/\/entretormentas.com\/index.php?rest_route=%2Fwp%2Fv2%2Ftags&post=18337"}],"curies":[{"name":"wp","href":"https:\/\/api.w.org\/{rel}","templated":true}]}}