{"id":18341,"date":"2025-06-24T16:50:45","date_gmt":"2025-06-24T14:50:45","guid":{"rendered":"https:\/\/entretormentas.com\/?p=18341"},"modified":"2025-06-24T16:50:45","modified_gmt":"2025-06-24T14:50:45","slug":"gian-carlo-di-martino-maracaibo-se-podria-declarar-en-emergencia-sanitaria","status":"publish","type":"post","link":"https:\/\/entretormentas.com\/gian-carlo-di-martino-maracaibo-se-podria-declarar-en-emergencia-sanitaria\/","title":{"rendered":"GIAN CARLO DI MARTINO: \u00abMaracaibo se podr\u00eda declarar en emergencia sanitaria\u00bb"},"content":{"rendered":"\n<p><strong>ENTRE TORMENTAS.<\/strong> \u00abEn Maracaibo se podr\u00eda declarar una emergencia sanitaria, ante el caos por la acumulaci\u00f3n de basura\u00bb. Esta alerta fue hecha por el candidato a la Alcald\u00eda de la ciudad por el Gran Polo Patri\u00f3tico, Gian Carlo Di Martino, porque la falta de un servicio de recolecci\u00f3n eficiente, ha convertido la ciudad en un vertedero de desechos, siendo un riesgo para la salud de los marabinos.<\/p>\n\n\n\n<p>En sus recorridos y caminatas, Di Martino dijo que percibe la destrucci\u00f3n en la cual se encuentran las parroquias, por la anarqu\u00eda y el desorden al que han sido sometidas, ya que adem\u00e1s de la basura, las calles, las canchas y los parques est\u00e1n destruidos.<\/p>\n\n\n\n<figure class=\"wp-block-image size-large\"><img fetchpriority=\"high\" decoding=\"async\" width=\"1024\" height=\"681\" src=\"https:\/\/entretormentas.com\/wp-content\/uploads\/2025\/06\/dimarbasura2-1024x681.jpeg\" alt=\"\" class=\"wp-image-18342\" srcset=\"https:\/\/entretormentas.com\/wp-content\/uploads\/2025\/06\/dimarbasura2-1024x681.jpeg 1024w, https:\/\/entretormentas.com\/wp-content\/uploads\/2025\/06\/dimarbasura2-300x199.jpeg 300w, https:\/\/entretormentas.com\/wp-content\/uploads\/2025\/06\/dimarbasura2-768x511.jpeg 768w, https:\/\/entretormentas.com\/wp-content\/uploads\/2025\/06\/dimarbasura2.jpeg 1080w\" sizes=\"(max-width: 1024px) 100vw, 1024px\" \/><\/figure>\n\n\n\n<p>\u00abNo son sectores en particular, por donde quiera hay huecos y basura acumulada, por lo que su mensaje es revivir la esperanza en la gente, de que Maracaibo volver\u00e1 a ser la primera ciudad de Venezuela, una ciudad limpia, con arborizaci\u00f3n, deporte, y cultura, porque se lo merece\u00bb afirm\u00f3 el candidato.<\/p>\n\n\n\n<p><strong>PLAN PARA RECUPERAR MARACAIBO<\/strong><br>El candidato a la Alcald\u00eda de Maracaibo se\u00f1al\u00f3 que cuenta con un plan para recuperar la ciudad, con propuestas e ideas que han surgido en estos a\u00f1os y con la experiencia obtenida en materia policial, bomberos, cl\u00ednicas m\u00f3viles, el Instituto Municipal y Capacitaci\u00f3n Ciudadana, la beca Ana Mar\u00eda Campos; todo de su primera gesti\u00f3n y que fueron exitosas.<\/p>\n\n\n\n<figure class=\"wp-block-image size-large\"><img decoding=\"async\" width=\"1024\" height=\"681\" src=\"https:\/\/entretormentas.com\/wp-content\/uploads\/2025\/06\/dimarbasura3-1024x681.jpeg\" alt=\"\" class=\"wp-image-18343\" srcset=\"https:\/\/entretormentas.com\/wp-content\/uploads\/2025\/06\/dimarbasura3-1024x681.jpeg 1024w, https:\/\/entretormentas.com\/wp-content\/uploads\/2025\/06\/dimarbasura3-300x199.jpeg 300w, https:\/\/entretormentas.com\/wp-content\/uploads\/2025\/06\/dimarbasura3-768x511.jpeg 768w, https:\/\/entretormentas.com\/wp-content\/uploads\/2025\/06\/dimarbasura3.jpeg 1080w\" sizes=\"(max-width: 1024px) 100vw, 1024px\" \/><\/figure>\n\n\n\n<p>Resalt\u00f3 que volver\u00e1n a Maracaibo los eventos internacionales, donde el Pachencho Romero est\u00e1 consolidado y solo le resta la iluminaci\u00f3n para actividades nocturnas y regresaran con una feria de La Chinita a lo grande como se lo merecen sus ciudadanos, apote\u00f3sica.<\/p>\n\n\n\n<p>Di Martino considera preciso realzar la autoestima del maracaibero para consolidar una ciudad digna, humanizada, para toda la familia, con programas sociales, interactuando con el gobierno regional, el gobierno nacional, y con las comunas, para revertir este 27 de julio junto al pueblo el desastre en el que est\u00e1 sumergido por el actual desgobierrno.<br><strong><em>ET \/ Nota de Prensa<\/em><\/strong><\/p>\n","protected":false},"excerpt":{"rendered":"<p>ENTRE TORMENTAS. \u00abEn Maracaibo se podr\u00eda declarar una emergencia sanitaria, ante el caos por la&#8230;<\/p>\n","protected":false},"author":2,"featured_media":18344,"comment_status":"closed","ping_status":"open","sticky":false,"template":"","format":"standard","meta":{"footnotes":""},"categories":[57,1],"tags":[],"class_list":["post-18341","post","type-post","status-publish","format-standard","has-post-thumbnail","hentry","category-actualidad","category-regionales"],"_links":{"self":[{"href":"https:\/\/entretormentas.com\/index.php?rest_route=\/wp\/v2\/posts\/18341","targetHints":{"allow":["GET"]}}],"collection":[{"href":"https:\/\/entretormentas.com\/index.php?rest_route=\/wp\/v2\/posts"}],"about":[{"href":"https:\/\/entretormentas.com\/index.php?rest_route=\/wp\/v2\/types\/post"}],"author":[{"embeddable":true,"href":"https:\/\/entretormentas.com\/index.php?rest_route=\/wp\/v2\/users\/2"}],"replies":[{"embeddable":true,"href":"https:\/\/entretormentas.com\/index.php?rest_route=%2Fwp%2Fv2%2Fcomments&post=18341"}],"version-history":[{"count":1,"href":"https:\/\/entretormentas.com\/index.php?rest_route=\/wp\/v2\/posts\/18341\/revisions"}],"predecessor-version":[{"id":18345,"href":"https:\/\/entretormentas.com\/index.php?rest_route=\/wp\/v2\/posts\/18341\/revisions\/18345"}],"wp:featuredmedia":[{"embeddable":true,"href":"https:\/\/entretormentas.com\/index.php?rest_route=\/wp\/v2\/media\/18344"}],"wp:attachment":[{"href":"https:\/\/entretormentas.com\/index.php?rest_route=%2Fwp%2Fv2%2Fmedia&parent=18341"}],"wp:term":[{"taxonomy":"category","embeddable":true,"href":"https:\/\/entretormentas.com\/index.php?rest_route=%2Fwp%2Fv2%2Fcategories&post=18341"},{"taxonomy":"post_tag","embeddable":true,"href":"https:\/\/entretormentas.com\/index.php?rest_route=%2Fwp%2Fv2%2Ftags&post=18341"}],"curies":[{"name":"wp","href":"https:\/\/api.w.org\/{rel}","templated":true}]}}