{"id":18346,"date":"2025-06-24T16:56:31","date_gmt":"2025-06-24T14:56:31","guid":{"rendered":"https:\/\/entretormentas.com\/?p=18346"},"modified":"2025-06-24T16:56:31","modified_gmt":"2025-06-24T14:56:31","slug":"activos-alcaldia-lanza-plan-de-atencion-nocturna-para-recolectar-desechos-rezagados","status":"publish","type":"post","link":"https:\/\/entretormentas.com\/activos-alcaldia-lanza-plan-de-atencion-nocturna-para-recolectar-desechos-rezagados\/","title":{"rendered":"\u00a1ACTIVOS! Alcald\u00eda lanza Plan de Atenci\u00f3n Nocturna para recolectar desechos rezagados"},"content":{"rendered":"\n<p><strong>ENTRE TORMENTAS.<\/strong> Desde este lunes 22 de junio, la Alcald\u00eda de Maracaibo refuerza la recolecci\u00f3n de desechos con el Plan de Atenci\u00f3n Nocturna. As\u00ed lo inform\u00f3 Adri\u00e1n Romero Mart\u00ednez, alcalde encargado de Maracaibo, durante el Balance de Gesti\u00f3n y Transparencia n\u00famero 127.<\/p>\n\n\n\n<p>El objetivo del Plan de Atenci\u00f3n Nocturna es reforzar el cronograma recolecci\u00f3n y atender las zonas donde se ha acumulado o han quedado desechos rezagados, debido a las lluvias y a otras contingencias que afectan la efectividad del servicio.<\/p>\n\n\n\n<figure class=\"wp-block-image size-large\"><img fetchpriority=\"high\" decoding=\"async\" width=\"1024\" height=\"683\" src=\"https:\/\/entretormentas.com\/wp-content\/uploads\/2025\/06\/nocturna2-1024x683.jpg\" alt=\"\" class=\"wp-image-18347\" srcset=\"https:\/\/entretormentas.com\/wp-content\/uploads\/2025\/06\/nocturna2-1024x683.jpg 1024w, https:\/\/entretormentas.com\/wp-content\/uploads\/2025\/06\/nocturna2-300x200.jpg 300w, https:\/\/entretormentas.com\/wp-content\/uploads\/2025\/06\/nocturna2-768x512.jpg 768w, https:\/\/entretormentas.com\/wp-content\/uploads\/2025\/06\/nocturna2.jpg 1280w\" sizes=\"(max-width: 1024px) 100vw, 1024px\" \/><\/figure>\n\n\n\n<p>\u201cSi en una parroquia pasamos en el d\u00eda, pero no pudimos completar durante toda la jornada, entonces vamos a pasar en la noche. Tambi\u00e9n vamos a usar la noche para atender cualquier punto cr\u00edtico que se est\u00e9 formando en esta zona\u201d, explic\u00f3 Romero Mart\u00ednez.<\/p>\n\n\n\n<p>Adem\u00e1s, detall\u00f3 que el Plan de Atenci\u00f3n Nocturna que se desplegar\u00e1 por las 18 parroquias de Maracaibo para atender comunidades y corredores, durar\u00e1 pocos d\u00edas a fin de optimizar la efectividad en la recolecci\u00f3n regular.<\/p>\n\n\n\n<figure class=\"wp-block-image size-large\"><img decoding=\"async\" width=\"1024\" height=\"682\" src=\"https:\/\/entretormentas.com\/wp-content\/uploads\/2025\/06\/nocturna3-1024x682.jpeg\" alt=\"\" class=\"wp-image-18348\" srcset=\"https:\/\/entretormentas.com\/wp-content\/uploads\/2025\/06\/nocturna3-1024x682.jpeg 1024w, https:\/\/entretormentas.com\/wp-content\/uploads\/2025\/06\/nocturna3-300x200.jpeg 300w, https:\/\/entretormentas.com\/wp-content\/uploads\/2025\/06\/nocturna3-768x511.jpeg 768w, https:\/\/entretormentas.com\/wp-content\/uploads\/2025\/06\/nocturna3.jpeg 1080w\" sizes=\"(max-width: 1024px) 100vw, 1024px\" \/><\/figure>\n\n\n\n<p>El alcalde encargado hizo un llamado al marabino consciente a que saque la basura solo los d\u00edas que les corresponde y que lo haga en la noche o muy temprano en la ma\u00f1ana, para no dejar los desechos en la calle todo el d\u00eda. \u201cEstamos haciendo todos los esfuerzos para darle cumplimiento al cronograma de recolecci\u00f3n. Por eso les pedimos que, si el cami\u00f3n pasa en horas de la ma\u00f1ana por su comunidad y a usted no le dio chance de sacar los suyos, no los saque en el d\u00eda. Gu\u00e1rdelos y s\u00e1quelos de nuevo en la noche o muy temprano en la ma\u00f1ana cuando corresponda la recolecci\u00f3n\u201d.<br><strong><em>ET \/ DCI Alcald\u00eda de Maracaibo<\/em><\/strong><\/p>\n","protected":false},"excerpt":{"rendered":"<p>ENTRE TORMENTAS. Desde este lunes 22 de junio, la Alcald\u00eda de Maracaibo refuerza la recolecci\u00f3n&#8230;<\/p>\n","protected":false},"author":2,"featured_media":18349,"comment_status":"closed","ping_status":"open","sticky":false,"template":"","format":"standard","meta":{"footnotes":""},"categories":[57,1],"tags":[],"class_list":["post-18346","post","type-post","status-publish","format-standard","has-post-thumbnail","hentry","category-actualidad","category-regionales"],"_links":{"self":[{"href":"https:\/\/entretormentas.com\/index.php?rest_route=\/wp\/v2\/posts\/18346","targetHints":{"allow":["GET"]}}],"collection":[{"href":"https:\/\/entretormentas.com\/index.php?rest_route=\/wp\/v2\/posts"}],"about":[{"href":"https:\/\/entretormentas.com\/index.php?rest_route=\/wp\/v2\/types\/post"}],"author":[{"embeddable":true,"href":"https:\/\/entretormentas.com\/index.php?rest_route=\/wp\/v2\/users\/2"}],"replies":[{"embeddable":true,"href":"https:\/\/entretormentas.com\/index.php?rest_route=%2Fwp%2Fv2%2Fcomments&post=18346"}],"version-history":[{"count":1,"href":"https:\/\/entretormentas.com\/index.php?rest_route=\/wp\/v2\/posts\/18346\/revisions"}],"predecessor-version":[{"id":18350,"href":"https:\/\/entretormentas.com\/index.php?rest_route=\/wp\/v2\/posts\/18346\/revisions\/18350"}],"wp:featuredmedia":[{"embeddable":true,"href":"https:\/\/entretormentas.com\/index.php?rest_route=\/wp\/v2\/media\/18349"}],"wp:attachment":[{"href":"https:\/\/entretormentas.com\/index.php?rest_route=%2Fwp%2Fv2%2Fmedia&parent=18346"}],"wp:term":[{"taxonomy":"category","embeddable":true,"href":"https:\/\/entretormentas.com\/index.php?rest_route=%2Fwp%2Fv2%2Fcategories&post=18346"},{"taxonomy":"post_tag","embeddable":true,"href":"https:\/\/entretormentas.com\/index.php?rest_route=%2Fwp%2Fv2%2Ftags&post=18346"}],"curies":[{"name":"wp","href":"https:\/\/api.w.org\/{rel}","templated":true}]}}