{"id":18351,"date":"2025-06-24T17:00:50","date_gmt":"2025-06-24T15:00:50","guid":{"rendered":"https:\/\/entretormentas.com\/?p=18351"},"modified":"2025-06-24T17:00:50","modified_gmt":"2025-06-24T15:00:50","slug":"para-su-rehabilitacion-gobernador-caldera-realiza-diagnostico-espacios-del-inass","status":"publish","type":"post","link":"https:\/\/entretormentas.com\/para-su-rehabilitacion-gobernador-caldera-realiza-diagnostico-espacios-del-inass\/","title":{"rendered":"\u00a1PARA SU REHABILITACI\u00d3N! Gobernador Caldera realiza diagn\u00f3stico espacios del Inass"},"content":{"rendered":"\n<p><strong>ENTRE TORMENTAS.<\/strong> Para la rehabilitaci\u00f3n de espacios del Servicio Residencial Dr. Joaqu\u00edn Esteva Parra, del Instituto Nacional de Servicios Sociales (Inass), el gobernador del estado Zulia, Luis Caldera, realiz\u00f3 un abordaje diagn\u00f3stico de este centro que alberga a adultos mayores.<\/p>\n\n\n\n<p>El gobernador estuvo acompa\u00f1ado de la primera dama, Rosselyn L\u00f3pez de Caldera; el comandante de la Regi\u00f3n Estrat\u00e9gica de Defensa Integral Occidente (Redi-Occidente), MG Pedro Gonz\u00e1lez; la secretaria regional de Salud, doctora Noly Fern\u00e1ndez, entre otros representantes institucionales y pol\u00edticos.<\/p>\n\n\n\n<figure class=\"wp-block-image size-large\"><img fetchpriority=\"high\" decoding=\"async\" width=\"1024\" height=\"819\" src=\"https:\/\/entretormentas.com\/wp-content\/uploads\/2025\/06\/luisc2-1024x819.jpeg\" alt=\"\" class=\"wp-image-18352\" srcset=\"https:\/\/entretormentas.com\/wp-content\/uploads\/2025\/06\/luisc2-1024x819.jpeg 1024w, https:\/\/entretormentas.com\/wp-content\/uploads\/2025\/06\/luisc2-300x240.jpeg 300w, https:\/\/entretormentas.com\/wp-content\/uploads\/2025\/06\/luisc2-768x614.jpeg 768w, https:\/\/entretormentas.com\/wp-content\/uploads\/2025\/06\/luisc2.jpeg 1080w\" sizes=\"(max-width: 1024px) 100vw, 1024px\" \/><\/figure>\n\n\n\n<p>Tras el recorrido por los espacios de este centro, adscrito al Ministerio del Poder Popular para el Adulto y la Adulta Mayor, el gobernador anunci\u00f3 que ser\u00e1 un abordaje integral que incluye la reparaci\u00f3n de tres caba\u00f1as que permiten atender a las personas de la tercera edad que est\u00e1n en condiciones de calle, tienen alguna discapacidad y a aquellos que llegan de forma ambulatoria a recibir recreaci\u00f3n y atenci\u00f3n m\u00e9dica.<\/p>\n\n\n\n<p>Igualmente, la rehabilitaci\u00f3n incluye el comedor del \u00e1rea de cuidado intermedio y la cocina, entre otras \u00e1reas de este centro que, refiri\u00f3 el mandatario regional, \u201crepresenta el amor a los adultos y adultos mayores\u201d.<\/p>\n\n\n\n<p>\u201cLa salud es prioridad del nuevo Gobierno del Zulia. Este equipo, en uni\u00f3n c\u00edvico-militar-policial, en uni\u00f3n con estos h\u00e9roes y hero\u00ednas que cuidan a nuestros abuelos y abuelas, estamos haciendo realidad de que este espacio pueda recibir adultos mayores. Es el amor de la patria por los adultos mayores\u201d, sum\u00f3 el mandatario zuliano.<br><strong><em>ET \/ Nota de Prensa<\/em><\/strong><\/p>\n\n\n\n<p><\/p>\n","protected":false},"excerpt":{"rendered":"<p>ENTRE TORMENTAS. Para la rehabilitaci\u00f3n de espacios del Servicio Residencial Dr. Joaqu\u00edn Esteva Parra, del&#8230;<\/p>\n","protected":false},"author":2,"featured_media":18353,"comment_status":"closed","ping_status":"open","sticky":false,"template":"","format":"standard","meta":{"footnotes":""},"categories":[57,1],"tags":[],"class_list":["post-18351","post","type-post","status-publish","format-standard","has-post-thumbnail","hentry","category-actualidad","category-regionales"],"_links":{"self":[{"href":"https:\/\/entretormentas.com\/index.php?rest_route=\/wp\/v2\/posts\/18351","targetHints":{"allow":["GET"]}}],"collection":[{"href":"https:\/\/entretormentas.com\/index.php?rest_route=\/wp\/v2\/posts"}],"about":[{"href":"https:\/\/entretormentas.com\/index.php?rest_route=\/wp\/v2\/types\/post"}],"author":[{"embeddable":true,"href":"https:\/\/entretormentas.com\/index.php?rest_route=\/wp\/v2\/users\/2"}],"replies":[{"embeddable":true,"href":"https:\/\/entretormentas.com\/index.php?rest_route=%2Fwp%2Fv2%2Fcomments&post=18351"}],"version-history":[{"count":1,"href":"https:\/\/entretormentas.com\/index.php?rest_route=\/wp\/v2\/posts\/18351\/revisions"}],"predecessor-version":[{"id":18354,"href":"https:\/\/entretormentas.com\/index.php?rest_route=\/wp\/v2\/posts\/18351\/revisions\/18354"}],"wp:featuredmedia":[{"embeddable":true,"href":"https:\/\/entretormentas.com\/index.php?rest_route=\/wp\/v2\/media\/18353"}],"wp:attachment":[{"href":"https:\/\/entretormentas.com\/index.php?rest_route=%2Fwp%2Fv2%2Fmedia&parent=18351"}],"wp:term":[{"taxonomy":"category","embeddable":true,"href":"https:\/\/entretormentas.com\/index.php?rest_route=%2Fwp%2Fv2%2Fcategories&post=18351"},{"taxonomy":"post_tag","embeddable":true,"href":"https:\/\/entretormentas.com\/index.php?rest_route=%2Fwp%2Fv2%2Ftags&post=18351"}],"curies":[{"name":"wp","href":"https:\/\/api.w.org\/{rel}","templated":true}]}}