{"id":18358,"date":"2025-06-24T17:08:33","date_gmt":"2025-06-24T15:08:33","guid":{"rendered":"https:\/\/entretormentas.com\/?p=18358"},"modified":"2025-06-24T17:08:34","modified_gmt":"2025-06-24T15:08:34","slug":"sobre-habeas-corpus-mp-rechaza-respuesta-cinica-de-la-corte-suprema-de-el-salvador","status":"publish","type":"post","link":"https:\/\/entretormentas.com\/sobre-habeas-corpus-mp-rechaza-respuesta-cinica-de-la-corte-suprema-de-el-salvador\/","title":{"rendered":"\u00a1SOBRE HABEAS CORPUS! MP rechaza respuesta \u2018c\u00ednica\u2019 de la Corte Suprema de El Salvador"},"content":{"rendered":"\n<p><strong>ENTRE TORMENTAS.<\/strong> El pasado 30 de marzo, el Ministerio P\u00fablico (MP), envi\u00f3 una comunicaci\u00f3n formal a la Corte Suprema de Justicia de El Salvador, para solicitar informaci\u00f3n detallada sobre la situaci\u00f3n de los migrantes venezolanos secuestrados en ese pa\u00eds, a lo que luego de 80 d\u00edas de espera, la Corte Suprema de Justicia dio una respuesta \u00abvergonzosa para desentenderse de su responsabilidad constitucional de proteger la libertad y la integridad personal de los 252 ciudadanos venezolanos\u00bb.<\/p>\n\n\n\n<p>El MP -rechaza a trav\u00e9s de un comunicado- categ\u00f3ricamente dicha respuesta \u00abc\u00ednica\u00bb por parte de la naci\u00f3n centroamericana.<\/p>\n\n\n\n<p>En la misiva, se expresa que \u00aben esta comunicaci\u00f3n, la Corte declara improcedente nuestra intervenci\u00f3n alegando que la comunicaci\u00f3n enviada no cumple con los requisitos legales y formales establecidos, ni se realiz\u00f3 por los canales diplom\u00e1ticos adecuados\u00bb.<\/p>\n\n\n\n<p>Adem\u00e1s, con respecto al habeas corpus realizado por un grupo de abogados que representan a las v\u00edctimas, \u00abla Corte se\u00f1ala que los solicitantes no proporcionaron informaci\u00f3n precisa sobre los hechos alegados, las autoridades responsables, ni las razones concretas que justifican la vulneraci\u00f3n de derechos constitucionales\u00bb.<\/p>\n\n\n\n<figure class=\"wp-block-image size-large\"><img fetchpriority=\"high\" decoding=\"async\" width=\"1024\" height=\"682\" src=\"https:\/\/entretormentas.com\/wp-content\/uploads\/2025\/06\/mpv2-1024x682.jpeg\" alt=\"\" class=\"wp-image-18359\" srcset=\"https:\/\/entretormentas.com\/wp-content\/uploads\/2025\/06\/mpv2-1024x682.jpeg 1024w, https:\/\/entretormentas.com\/wp-content\/uploads\/2025\/06\/mpv2-300x200.jpeg 300w, https:\/\/entretormentas.com\/wp-content\/uploads\/2025\/06\/mpv2-768x512.jpeg 768w, https:\/\/entretormentas.com\/wp-content\/uploads\/2025\/06\/mpv2-1536x1024.jpeg 1536w\" sizes=\"(max-width: 1024px) 100vw, 1024px\" \/><figcaption class=\"wp-element-caption\">In this photo provided by El Salvador&#8217;s presidential press office, prison guards transfer deportees from the U.S., alleged to be Venezuelan gang members, to the Terrorism Confinement Center in Tecoluca, El Salvador, Sunday, March 16, 2025. (El Salvador presidential press office via AP)<\/figcaption><\/figure>\n\n\n\n<p><strong>SOLICITUD DE VENEZUELA<\/strong><br>Igualmente, se\u00f1ala que \u00abas\u00ed se niega a atender nuestra solicitud, mientras que por otra parte, ha optado por no analizar los hechos ni entrar al fondo del habeas corpus realizado por los abogados, escud\u00e1ndose en una serie de formalismos falaces y exigencias desproporcionadas, con el \u00fanico objetivo de evadir su deber constitucional de control sobre la privaci\u00f3n ileg\u00edtima de libertad.<\/p>\n\n\n\n<p>Al pedirles a los defensores que especifiquen \u00absi \u2018realmente\u2019 los ciudadanos est\u00e1n detenidos, o que prueben hechos ampliamente notorios, como su traslado al Cecot en medio de un espect\u00e1culo medi\u00e1tico, la Sala no solo se hace la desentendida, sino tambi\u00e9n c\u00f3mplice de esta aberraci\u00f3n jur\u00eddica\u00bb.<\/p>\n\n\n\n<p>En ese sentido, la instituci\u00f3n venezolana, como garante de la legalidad, resalta que \u00abno aceptaremos que se someta a personas a detenciones arbitrarias, incomunicaciones, traslados forzados o privaciones de libertad sin juicio, sin defensa, sin debido proceso y sin siquiera saber por qu\u00e9 est\u00e1n presas ni d\u00f3nde est\u00e1n. No aceptamos que se legitimen desapariciones forzadas bajo pretextos formales\u00bb.<\/p>\n\n\n\n<p>\u00abComo parte de nuestro esfuerzo por ofrecer apoyo a las v\u00edctimas y favorecer la b\u00fasqueda de la justicia, este Ministerio P\u00fablico localiz\u00f3 y entrevist\u00f3 a 116 familiares de 118 connacionales detenidos ilegalmente en El Salvador\u00bb. Esas entrevistas est\u00e1n a disposici\u00f3n de los abogados que los representan y del sistema de justicia salvadore\u00f1o, si est\u00e1 dispuesto a escucharlos.<\/p>\n\n\n\n<p>Con esta respuesta el Estado salvadore\u00f1o ha optado por eludir su responsabilidad y negar toda cooperaci\u00f3n, no solo con Venezuela, sino con los principios m\u00e1s b\u00e1sicos del derecho internacional de los derechos humanos. \u00abEsto ocurre a la vista de organismos multilaterales y bajo el silencio c\u00f3mplice de quienes dicen defender los mismos\u00bb, contin\u00faa el escrito.<br><strong><em>ET \/ VTV<\/em><\/strong><\/p>\n\n\n\n<p><\/p>\n","protected":false},"excerpt":{"rendered":"<p>ENTRE TORMENTAS. El pasado 30 de marzo, el Ministerio P\u00fablico (MP), envi\u00f3 una comunicaci\u00f3n formal&#8230;<\/p>\n","protected":false},"author":2,"featured_media":18360,"comment_status":"closed","ping_status":"open","sticky":false,"template":"","format":"standard","meta":{"footnotes":""},"categories":[56,49],"tags":[],"class_list":["post-18358","post","type-post","status-publish","format-standard","has-post-thumbnail","hentry","category-destacadas","category-nacionales"],"_links":{"self":[{"href":"https:\/\/entretormentas.com\/index.php?rest_route=\/wp\/v2\/posts\/18358","targetHints":{"allow":["GET"]}}],"collection":[{"href":"https:\/\/entretormentas.com\/index.php?rest_route=\/wp\/v2\/posts"}],"about":[{"href":"https:\/\/entretormentas.com\/index.php?rest_route=\/wp\/v2\/types\/post"}],"author":[{"embeddable":true,"href":"https:\/\/entretormentas.com\/index.php?rest_route=\/wp\/v2\/users\/2"}],"replies":[{"embeddable":true,"href":"https:\/\/entretormentas.com\/index.php?rest_route=%2Fwp%2Fv2%2Fcomments&post=18358"}],"version-history":[{"count":1,"href":"https:\/\/entretormentas.com\/index.php?rest_route=\/wp\/v2\/posts\/18358\/revisions"}],"predecessor-version":[{"id":18361,"href":"https:\/\/entretormentas.com\/index.php?rest_route=\/wp\/v2\/posts\/18358\/revisions\/18361"}],"wp:featuredmedia":[{"embeddable":true,"href":"https:\/\/entretormentas.com\/index.php?rest_route=\/wp\/v2\/media\/18360"}],"wp:attachment":[{"href":"https:\/\/entretormentas.com\/index.php?rest_route=%2Fwp%2Fv2%2Fmedia&parent=18358"}],"wp:term":[{"taxonomy":"category","embeddable":true,"href":"https:\/\/entretormentas.com\/index.php?rest_route=%2Fwp%2Fv2%2Fcategories&post=18358"},{"taxonomy":"post_tag","embeddable":true,"href":"https:\/\/entretormentas.com\/index.php?rest_route=%2Fwp%2Fv2%2Ftags&post=18358"}],"curies":[{"name":"wp","href":"https:\/\/api.w.org\/{rel}","templated":true}]}}