{"id":18368,"date":"2025-06-24T17:17:58","date_gmt":"2025-06-24T15:17:58","guid":{"rendered":"https:\/\/entretormentas.com\/?p=18368"},"modified":"2025-06-24T17:17:58","modified_gmt":"2025-06-24T15:17:58","slug":"celebracion-nacional-conmemoran-204-anos-de-la-batalla-de-carabobo-y-dia-del-ejercito","status":"publish","type":"post","link":"https:\/\/entretormentas.com\/celebracion-nacional-conmemoran-204-anos-de-la-batalla-de-carabobo-y-dia-del-ejercito\/","title":{"rendered":"\u00a1CELEBRACI\u00d3N NACIONAL! Conmemoran 204 a\u00f1os de la Batalla de Carabobo y D\u00eda del Ej\u00e9rcito"},"content":{"rendered":"\n<p><strong>ENTRE TORMENTAS. <\/strong>Con el izamiento de la Bandera Nacional por parte de los cadetes de la Academia Militar de Venezuela y el tren ministerial frente al Pante\u00f3n Nacional, en Caracas, se iniciaron los actos solemnes para conmemorar el 204 aniversario de la Batalla de Carabobo, contienda librada en una sabana cerca de Valencia, y decisivo en la Guerra de Independencia de Venezuela y D\u00eda del Ej\u00e9rcito Bolivariano.<\/p>\n\n\n\n<p>El acta de asistencia fue firmada por los ministros del Poder Popular para la Alimentaci\u00f3n, M\/G Carlos Augusto Leal Teller\u00eda; para el Proceso Social y Trabajo, Eduardo Pi\u00f1ate; para el Servicio Penitenciario, Julio Garc\u00eda Zerpa; de Cultura, Ernesto Villegas; de la Mujer y la Igualdad de G\u00e9nero, Yelitze Santaella; adem\u00e1s del comandante de la Regi\u00f3n Estrat\u00e9gica de Defensa Integral (Redi) Capital, M\/G Dilio Rodr\u00edguez, refiere la nota de VTV.<\/p>\n\n\n\n<p>Tras la firma del Armisticio de 1820 entre Espa\u00f1a y Venezuela, que hab\u00eda detenido los enfrentamientos, la situaci\u00f3n se rompi\u00f3 cuando Maracaibo se declar\u00f3 provincia unida a la Gran Colombia en enero de 1821, lo que llev\u00f3 al Libertador Sim\u00f3n Bol\u00edvar a reorganizar su ej\u00e9rcito y prepararse para el enfrentamiento decisivo.<\/p>\n\n\n\n<figure class=\"wp-block-image size-full\"><img fetchpriority=\"high\" decoding=\"async\" width=\"677\" height=\"374\" src=\"https:\/\/entretormentas.com\/wp-content\/uploads\/2025\/06\/festividad2.jpeg\" alt=\"\" class=\"wp-image-18369\" srcset=\"https:\/\/entretormentas.com\/wp-content\/uploads\/2025\/06\/festividad2.jpeg 677w, https:\/\/entretormentas.com\/wp-content\/uploads\/2025\/06\/festividad2-300x166.jpeg 300w\" sizes=\"(max-width: 677px) 100vw, 677px\" \/><\/figure>\n\n\n\n<p>El triunfo en esta batalla, trajo como consecuencias la consolidaci\u00f3n de la independencia de Venezuela, debido a que fue la batalla principal que sell\u00f3 la liberaci\u00f3n del territorio venezolano del dominio espa\u00f1ol.<\/p>\n\n\n\n<p>As\u00ed como el debilitamiento del ej\u00e9rcito realista, porque la principal fuerza realista en Venezuela fue aplastada, lo que oblig\u00f3 a los remanentes a replegarse a Puerto Cabello, su \u00faltimo basti\u00f3n; y dio continuaci\u00f3n la campa\u00f1a libertadora que permiti\u00f3 a Bol\u00edvar continuar su campa\u00f1a para liberar otros pa\u00edses de Am\u00e9rica del Sur, como Per\u00fa, Bolivia y Ecuador; adem\u00e1s de la creaci\u00f3n de Bolivia como parte de la Campa\u00f1a del Sur.<\/p>\n\n\n\n<p>La Batalla de Carabobo es un s\u00edmbolo de la lucha venezolana por su independencia y representa los valores de unidad, libertad y coraje, y fue el punto de inflexi\u00f3n crucial que asegur\u00f3 el control independentista sobre gran parte del territorio venezolano.<br><strong><em>ET \/ Agencias<\/em><\/strong><\/p>\n\n\n\n<p><\/p>\n","protected":false},"excerpt":{"rendered":"<p>ENTRE TORMENTAS. Con el izamiento de la Bandera Nacional por parte de los cadetes de&#8230;<\/p>\n","protected":false},"author":2,"featured_media":18370,"comment_status":"closed","ping_status":"open","sticky":false,"template":"","format":"standard","meta":{"footnotes":""},"categories":[56,49],"tags":[],"class_list":["post-18368","post","type-post","status-publish","format-standard","has-post-thumbnail","hentry","category-destacadas","category-nacionales"],"_links":{"self":[{"href":"https:\/\/entretormentas.com\/index.php?rest_route=\/wp\/v2\/posts\/18368","targetHints":{"allow":["GET"]}}],"collection":[{"href":"https:\/\/entretormentas.com\/index.php?rest_route=\/wp\/v2\/posts"}],"about":[{"href":"https:\/\/entretormentas.com\/index.php?rest_route=\/wp\/v2\/types\/post"}],"author":[{"embeddable":true,"href":"https:\/\/entretormentas.com\/index.php?rest_route=\/wp\/v2\/users\/2"}],"replies":[{"embeddable":true,"href":"https:\/\/entretormentas.com\/index.php?rest_route=%2Fwp%2Fv2%2Fcomments&post=18368"}],"version-history":[{"count":1,"href":"https:\/\/entretormentas.com\/index.php?rest_route=\/wp\/v2\/posts\/18368\/revisions"}],"predecessor-version":[{"id":18371,"href":"https:\/\/entretormentas.com\/index.php?rest_route=\/wp\/v2\/posts\/18368\/revisions\/18371"}],"wp:featuredmedia":[{"embeddable":true,"href":"https:\/\/entretormentas.com\/index.php?rest_route=\/wp\/v2\/media\/18370"}],"wp:attachment":[{"href":"https:\/\/entretormentas.com\/index.php?rest_route=%2Fwp%2Fv2%2Fmedia&parent=18368"}],"wp:term":[{"taxonomy":"category","embeddable":true,"href":"https:\/\/entretormentas.com\/index.php?rest_route=%2Fwp%2Fv2%2Fcategories&post=18368"},{"taxonomy":"post_tag","embeddable":true,"href":"https:\/\/entretormentas.com\/index.php?rest_route=%2Fwp%2Fv2%2Ftags&post=18368"}],"curies":[{"name":"wp","href":"https:\/\/api.w.org\/{rel}","templated":true}]}}