{"id":18372,"date":"2025-06-24T17:21:47","date_gmt":"2025-06-24T15:21:47","guid":{"rendered":"https:\/\/entretormentas.com\/?p=18372"},"modified":"2025-06-24T17:21:48","modified_gmt":"2025-06-24T15:21:48","slug":"el-viernes-a-las-800-pm-patio-sonoro-presenta-a-jose-miguel-rivas-el-caballo-cimarron","status":"publish","type":"post","link":"https:\/\/entretormentas.com\/el-viernes-a-las-800-pm-patio-sonoro-presenta-a-jose-miguel-rivas-el-caballo-cimarron\/","title":{"rendered":"\u00a1EL VIERNES A LAS 8:00 PM! Patio Sonoro presenta a Jos\u00e9 Miguel Rivas: \u201cEl Caballo Cimarr\u00f3n\u201d"},"content":{"rendered":"\n<p><strong>ENTRE TORMENTAS. <\/strong>El pr\u00f3ximo viernes 27 de junio a las 8:00 pm (hora Venezuela) la plataforma m\u00e1s importante de la m\u00fasica llanera \u201cPatio Sonoro\u201d lanza cover del Zuliano Cantautor Jos\u00e9 Miguel Rivas conocido art\u00edsticamente como \u201cEl Caballo Cimarr\u00f3n\u201d.<\/p>\n\n\n\n<p>El trabajo audiovisual fue grabado en Orlando, Florida y ser\u00e1 estrenado a trav\u00e9s del canal de YouTube de Patio Sonoro para que el p\u00fablico, amante de este g\u00e9nero musical, se pueda pasear por algunas de las canciones grabadas por el cantautor a lo largo de su carrera.<\/p>\n\n\n\n<figure class=\"wp-block-image size-large\"><img fetchpriority=\"high\" decoding=\"async\" width=\"574\" height=\"1024\" src=\"https:\/\/entretormentas.com\/wp-content\/uploads\/2025\/06\/cimarron2-574x1024.jpeg\" alt=\"\" class=\"wp-image-18373\" srcset=\"https:\/\/entretormentas.com\/wp-content\/uploads\/2025\/06\/cimarron2-574x1024.jpeg 574w, https:\/\/entretormentas.com\/wp-content\/uploads\/2025\/06\/cimarron2-168x300.jpeg 168w, https:\/\/entretormentas.com\/wp-content\/uploads\/2025\/06\/cimarron2-768x1370.jpeg 768w, https:\/\/entretormentas.com\/wp-content\/uploads\/2025\/06\/cimarron2-861x1536.jpeg 861w, https:\/\/entretormentas.com\/wp-content\/uploads\/2025\/06\/cimarron2-1024x1827.jpeg 1024w, https:\/\/entretormentas.com\/wp-content\/uploads\/2025\/06\/cimarron2.jpeg 1148w\" sizes=\"(max-width: 574px) 100vw, 574px\" \/><\/figure>\n\n\n\n<p>Jos\u00e9 Miguel Rivas es un joven int\u00e9rprete y compositor que viene haciendo un trabajo importante a nivel internacional con su propia m\u00fasica y comenz\u00f3 su vida art\u00edstica a los 12 a\u00f1os de edad cuando grab\u00f3 su primera producci\u00f3n discogr\u00e1fica.<\/p>\n\n\n\n<p>Algunas de las canciones grabadas por el Zuliano destacan: \u201cLa \u00daltima Canci\u00f3n\u201d, \u201cYa se Prendi\u00f3 la Parranda\u201d\u2019 \u201cBesos Acaramelados\u201d, \u201cEl Caballo Cimarr\u00f3n\u201d, \u201cOlv\u00eddala\u201d, esta \u00faltima interpretada junto a Luis Silva.<br><strong><em>ET \/ Nota de Prensa<\/em><\/strong><\/p>\n","protected":false},"excerpt":{"rendered":"<p>ENTRE TORMENTAS. El pr\u00f3ximo viernes 27 de junio a las 8:00 pm (hora Venezuela) la&#8230;<\/p>\n","protected":false},"author":2,"featured_media":18374,"comment_status":"closed","ping_status":"open","sticky":false,"template":"","format":"standard","meta":{"footnotes":""},"categories":[54],"tags":[],"class_list":["post-18372","post","type-post","status-publish","format-standard","has-post-thumbnail","hentry","category-espectaculos"],"_links":{"self":[{"href":"https:\/\/entretormentas.com\/index.php?rest_route=\/wp\/v2\/posts\/18372","targetHints":{"allow":["GET"]}}],"collection":[{"href":"https:\/\/entretormentas.com\/index.php?rest_route=\/wp\/v2\/posts"}],"about":[{"href":"https:\/\/entretormentas.com\/index.php?rest_route=\/wp\/v2\/types\/post"}],"author":[{"embeddable":true,"href":"https:\/\/entretormentas.com\/index.php?rest_route=\/wp\/v2\/users\/2"}],"replies":[{"embeddable":true,"href":"https:\/\/entretormentas.com\/index.php?rest_route=%2Fwp%2Fv2%2Fcomments&post=18372"}],"version-history":[{"count":1,"href":"https:\/\/entretormentas.com\/index.php?rest_route=\/wp\/v2\/posts\/18372\/revisions"}],"predecessor-version":[{"id":18375,"href":"https:\/\/entretormentas.com\/index.php?rest_route=\/wp\/v2\/posts\/18372\/revisions\/18375"}],"wp:featuredmedia":[{"embeddable":true,"href":"https:\/\/entretormentas.com\/index.php?rest_route=\/wp\/v2\/media\/18374"}],"wp:attachment":[{"href":"https:\/\/entretormentas.com\/index.php?rest_route=%2Fwp%2Fv2%2Fmedia&parent=18372"}],"wp:term":[{"taxonomy":"category","embeddable":true,"href":"https:\/\/entretormentas.com\/index.php?rest_route=%2Fwp%2Fv2%2Fcategories&post=18372"},{"taxonomy":"post_tag","embeddable":true,"href":"https:\/\/entretormentas.com\/index.php?rest_route=%2Fwp%2Fv2%2Ftags&post=18372"}],"curies":[{"name":"wp","href":"https:\/\/api.w.org\/{rel}","templated":true}]}}