{"id":18381,"date":"2025-06-25T10:17:04","date_gmt":"2025-06-25T08:17:04","guid":{"rendered":"https:\/\/entretormentas.com\/?p=18381"},"modified":"2025-06-25T10:17:04","modified_gmt":"2025-06-25T08:17:04","slug":"emotivo-acto-gobernacion-abanderan-a-jovenes-zulianos-que-iran-a-la-1era-olimpiada-venezolana-de-astronomia","status":"publish","type":"post","link":"https:\/\/entretormentas.com\/emotivo-acto-gobernacion-abanderan-a-jovenes-zulianos-que-iran-a-la-1era-olimpiada-venezolana-de-astronomia\/","title":{"rendered":"\u00a1EMOTIVO ACTO! Gobernaci\u00f3n Abanderan a j\u00f3venes zulianos que Ir\u00e1n a la 1era Olimp\u00edada Venezolana de Astronom\u00eda"},"content":{"rendered":"\n<p><strong>ENTRE TORMENTAS.<\/strong> Este martes 24 de junio, se realiz\u00f3 el acto de abanderamiento del equipo que representar\u00e1 al estado Zulia en la 1era Olimp\u00edada Venezolana de Astronom\u00eda (OVA), impulsada por el Gobierno nacional a trav\u00e9s del Ministerio para Ciencia y Tecnolog\u00eda y el Ministerio para la Educaci\u00f3n.<\/p>\n\n\n\n<p>El acto estuvo encabezado por la primera dama del estado Zulia, Ing. Rosselyn L\u00f3pez de Caldera, en el Palacio de Los C\u00f3ndores, sede de la Gobernaci\u00f3n Bolivariana de la entidad, quien estuvo acompa\u00f1ada de la directora del Departamento de F\u00edsica de la Facultad de Ciencias de la Universidad del Zulia, Neida A\u00f1ez.<\/p>\n\n\n\n<figure class=\"wp-block-image size-large\"><img fetchpriority=\"high\" decoding=\"async\" width=\"1024\" height=\"819\" src=\"https:\/\/entretormentas.com\/wp-content\/uploads\/2025\/06\/abande1-1024x819.jpeg\" alt=\"\" class=\"wp-image-18382\" srcset=\"https:\/\/entretormentas.com\/wp-content\/uploads\/2025\/06\/abande1-1024x819.jpeg 1024w, https:\/\/entretormentas.com\/wp-content\/uploads\/2025\/06\/abande1-300x240.jpeg 300w, https:\/\/entretormentas.com\/wp-content\/uploads\/2025\/06\/abande1-768x614.jpeg 768w, https:\/\/entretormentas.com\/wp-content\/uploads\/2025\/06\/abande1.jpeg 1280w\" sizes=\"(max-width: 1024px) 100vw, 1024px\" \/><\/figure>\n\n\n\n<p>\u201cDesde la Casa del Pueblo, nos encontramos con este talento zuliano de 10 j\u00f3venes que nos van a representar dignamente en la OVA, que se realizar\u00e1n en Caracas. Compartimos este abanderamiento dignificando el papel de los Semilleros Cient\u00edficos que mediante las instituciones educativas y Fundacite se realizaron y sembrado en todo el territorio zuliano\u201d, expres\u00f3 L\u00f3pez de Caldera.<\/p>\n\n\n\n<p>Miguel Vergel, de 16 a\u00f1os y quien es uno de los participantes en esta primera olimp\u00edada de astronom\u00eda en el pa\u00eds, destac\u00f3 sentirse orgullo de representar junto a su equipo al Zulia y que para ello recibieron una excelente formaci\u00f3n en esta \u00e1rea, donde aspira continuar form\u00e1ndose.<\/p>\n\n\n\n<p>\u201cQuiero cumplir mi sue\u00f1o de estudiar ingenier\u00eda aeropespacial y har\u00e9 todo lo posible para lograrlo. En mi poca experiencia le digo a los j\u00f3venes que no se rindan, que los sue\u00f1os pueden ser dif\u00edciles, pero no imposibles, que debemos perseverar y nunca rendirnos\u201d, expres\u00f3.<\/p>\n\n\n\n<figure class=\"wp-block-image size-large\"><img decoding=\"async\" width=\"1024\" height=\"819\" src=\"https:\/\/entretormentas.com\/wp-content\/uploads\/2025\/06\/abande3-1024x819.jpeg\" alt=\"\" class=\"wp-image-18383\" srcset=\"https:\/\/entretormentas.com\/wp-content\/uploads\/2025\/06\/abande3-1024x819.jpeg 1024w, https:\/\/entretormentas.com\/wp-content\/uploads\/2025\/06\/abande3-300x240.jpeg 300w, https:\/\/entretormentas.com\/wp-content\/uploads\/2025\/06\/abande3-768x614.jpeg 768w, https:\/\/entretormentas.com\/wp-content\/uploads\/2025\/06\/abande3.jpeg 1280w\" sizes=\"(max-width: 1024px) 100vw, 1024px\" \/><\/figure>\n\n\n\n<p>Por su parte, a directora del Departamento de F\u00edsica de la Facultad de Ciencias de LUZ, A\u00f1ez, manifest\u00f3 que junto a Fundacite y el Ministerio para la Ciencia y Tecnolog\u00eda, ha colaborado en la formaci\u00f3n del semillero cient\u00edfico, quienes tienen gran potencial para aprender ciencias astron\u00f3micas.<\/p>\n\n\n\n<p>\u201cEllos son el futuro cient\u00edfico de Venezuela, de esa ciencia y esa tecnolog\u00eda que necesita nuestro pa\u00eds para poder crecer. Estoy orgullosa de todos estos ni\u00f1os y de todos los que no fueron seleccionados, pero que siguen adelante en su formaci\u00f3n apasionados por la astronom\u00eda y que tendr\u00e1n oportunidad en futuras olimp\u00edadas\u201d, expuso.<\/p>\n\n\n\n<p>Adem\u00e1s del joven Miguel Vergel, el equipo est\u00e1 conformado por Jeshua Dur\u00e1n, Pedro Paredes, Katrine Romero, Adelaida Medina, Alirio D\u00edaz, Enmanuel Marrufo, Josu\u00e9 Montiel, Mauro Mele\u00e1n y Esteban Vald\u00e9s.<br><strong><em>ET \/ Nota de Prensa<\/em><\/strong><\/p>\n\n\n\n<p><\/p>\n","protected":false},"excerpt":{"rendered":"<p>ENTRE TORMENTAS. Este martes 24 de junio, se realiz\u00f3 el acto de abanderamiento del equipo&#8230;<\/p>\n","protected":false},"author":2,"featured_media":18384,"comment_status":"closed","ping_status":"open","sticky":false,"template":"","format":"standard","meta":{"footnotes":""},"categories":[1],"tags":[],"class_list":["post-18381","post","type-post","status-publish","format-standard","has-post-thumbnail","hentry","category-regionales"],"_links":{"self":[{"href":"https:\/\/entretormentas.com\/index.php?rest_route=\/wp\/v2\/posts\/18381","targetHints":{"allow":["GET"]}}],"collection":[{"href":"https:\/\/entretormentas.com\/index.php?rest_route=\/wp\/v2\/posts"}],"about":[{"href":"https:\/\/entretormentas.com\/index.php?rest_route=\/wp\/v2\/types\/post"}],"author":[{"embeddable":true,"href":"https:\/\/entretormentas.com\/index.php?rest_route=\/wp\/v2\/users\/2"}],"replies":[{"embeddable":true,"href":"https:\/\/entretormentas.com\/index.php?rest_route=%2Fwp%2Fv2%2Fcomments&post=18381"}],"version-history":[{"count":1,"href":"https:\/\/entretormentas.com\/index.php?rest_route=\/wp\/v2\/posts\/18381\/revisions"}],"predecessor-version":[{"id":18385,"href":"https:\/\/entretormentas.com\/index.php?rest_route=\/wp\/v2\/posts\/18381\/revisions\/18385"}],"wp:featuredmedia":[{"embeddable":true,"href":"https:\/\/entretormentas.com\/index.php?rest_route=\/wp\/v2\/media\/18384"}],"wp:attachment":[{"href":"https:\/\/entretormentas.com\/index.php?rest_route=%2Fwp%2Fv2%2Fmedia&parent=18381"}],"wp:term":[{"taxonomy":"category","embeddable":true,"href":"https:\/\/entretormentas.com\/index.php?rest_route=%2Fwp%2Fv2%2Fcategories&post=18381"},{"taxonomy":"post_tag","embeddable":true,"href":"https:\/\/entretormentas.com\/index.php?rest_route=%2Fwp%2Fv2%2Ftags&post=18381"}],"curies":[{"name":"wp","href":"https:\/\/api.w.org\/{rel}","templated":true}]}}