{"id":18386,"date":"2025-06-25T10:21:04","date_gmt":"2025-06-25T08:21:04","guid":{"rendered":"https:\/\/entretormentas.com\/?p=18386"},"modified":"2025-06-25T10:21:04","modified_gmt":"2025-06-25T08:21:04","slug":"liderizados-por-el-alcalde-cheo-mosquera-gran-alianza-por-lagunillas-dio-a-conocer-sus-candidatos-de-cara-al-27-j","status":"publish","type":"post","link":"https:\/\/entretormentas.com\/liderizados-por-el-alcalde-cheo-mosquera-gran-alianza-por-lagunillas-dio-a-conocer-sus-candidatos-de-cara-al-27-j\/","title":{"rendered":"\u00a1LIDERIZADOS POR EL ALCALDE \u00abCHEO\u00bb MOSQUERA! Gran Alianza por Lagunillas dio a conocer sus candidatos de cara al 27-J"},"content":{"rendered":"\n<p><strong>ENTRE TORMENTAS. <\/strong>Como una muestra absoluta de unidad, la oposici\u00f3n dio a conocer formalmente sus candidatos de cara a las elecciones municipales del pr\u00f3ximo 27 de julio.<\/p>\n\n\n\n<p>El Alcalde Jos\u00e9 \u00abCheo\u00bb Mosquera, quien aspira a la reelecci\u00f3n, encabez\u00f3 la rueda de prensa acompa\u00f1ado por un equipo de hombres y mujeres comprometidos con el progreso de Lagunillas, y que tambi\u00e9n buscan dirigir las riendas del municipio desde la C\u00e1mara Municipal de Lagunillas.<\/p>\n\n\n\n<figure class=\"wp-block-image size-full\"><img fetchpriority=\"high\" decoding=\"async\" width=\"1000\" height=\"563\" src=\"https:\/\/entretormentas.com\/wp-content\/uploads\/2025\/06\/conce2.jpeg\" alt=\"\" class=\"wp-image-18387\" srcset=\"https:\/\/entretormentas.com\/wp-content\/uploads\/2025\/06\/conce2.jpeg 1000w, https:\/\/entretormentas.com\/wp-content\/uploads\/2025\/06\/conce2-300x169.jpeg 300w, https:\/\/entretormentas.com\/wp-content\/uploads\/2025\/06\/conce2-768x432.jpeg 768w\" sizes=\"(max-width: 1000px) 100vw, 1000px\" \/><\/figure>\n\n\n\n<p>En una sola voz representantes de UNT, Adecos en Defensa del Zulia, Copei ODCA, Derecha Democr\u00e1tica Popular, Fuerza Vecinal, MR, UNE, Arepa Digital, Partido Ecol\u00f3gico, L\u00e1piz, Uni\u00f3n y Cambio, ratificaron su compromiso democr\u00e1tico con el pa\u00eds y como una sola fuerza invitaron a la ciudadan\u00eda a votar para seguir siendo protagonistas del cambio que vive el municipio desde el a\u00f1o 2021, cuando Mosquera asumi\u00f3 las riendas del municipio Lagunillas.<\/p>\n\n\n\n<p>Para esta contienda que se avecina, el exalcalde Mervin M\u00e9ndez, quien tiene una basta experiencia pol\u00edtica, fue designado jefe de campa\u00f1a.<\/p>\n\n\n\n<p>Entre tanto, Mosquera agradeci\u00f3 la confianza y el respaldo dado por los diferentes partidos pol\u00edticos y asegur\u00f3 \u00abla abstenci\u00f3n no nos llev\u00f3 a nada en las regionales, por eso el pr\u00f3ximo 27 de julio vamos a salir a votar. Estamos seguros que el pueblo no se va a equivocar porque todav\u00eda falta mucho por hacer para seguir llevando progreso a esta tierra.<\/p>\n\n\n\n<p>\u00abVamos a trabajar de la mano del gobierno nacional y regional, adem\u00e1s de las alianzas establecidas, para seguir sacando adelante nuestro querido municipio con m\u00e1s planes de asfalto, colectores, jornadas sociales, ayudas, respaldo al deporte y mucho m\u00e1s. Contamos con un gran equipo en Alianza, porque primero es el amor por el municipio Lagunillas, por el cual vamos a seguir trabajando\u00bb, precis\u00f3.<\/p>\n\n\n\n<figure class=\"wp-block-image size-full\"><img decoding=\"async\" width=\"1000\" height=\"563\" src=\"https:\/\/entretormentas.com\/wp-content\/uploads\/2025\/06\/conce3.jpeg\" alt=\"\" class=\"wp-image-18388\" srcset=\"https:\/\/entretormentas.com\/wp-content\/uploads\/2025\/06\/conce3.jpeg 1000w, https:\/\/entretormentas.com\/wp-content\/uploads\/2025\/06\/conce3-300x169.jpeg 300w, https:\/\/entretormentas.com\/wp-content\/uploads\/2025\/06\/conce3-768x432.jpeg 768w\" sizes=\"(max-width: 1000px) 100vw, 1000px\" \/><\/figure>\n\n\n\n<p><strong>Los postulados para los comicios del 27-J son los siguientes:<\/strong><\/p>\n\n\n\n<p><strong>Circuito 1<\/strong><br>Parroquias Venezuela, Campo Lara, El Danto y Eleazar L\u00f3pez Contreras.<br>Principal: Carlosman Leal, UNT<br>Suplente: Noralyth Silva, UNT<\/p>\n\n\n\n<p><strong>Circuito 2<\/strong><br>Parroquia Libertad<br>Principal: Hiulis Rivero, UNT<br>Suplente: Jos\u00e9 Luis Zabala, Uni\u00f3n y Cambio<\/p>\n\n\n\n<p><strong>Circuito 2<\/strong><br>Parroquia Paraute<br>Principal: Kristal M\u00e9ndez, Uni\u00f3n y Cambio<br>Suplente Yonathan Rodr\u00edguez, UNT<\/p>\n\n\n\n<p><strong>Candidatos a Concejales por lista:<\/strong><br>Yuleima de Vel\u00e1zquez, UNT<br>Luis Mart\u00ednez, Uni\u00f3n y Cambio<br>Javier Africano, Adecos en Defensa del Zulia<br>Rafael Dur\u00e1n, Copei ODCA<br>Enilda Boh\u00f3rquez, UNT<br>Angelina Segovia, Uni\u00f3n y Cambio<br>Yonatan Morales, UNT<br>Marbellys Rodr\u00edguez, Adecos en Defensa del Zulia<br>Crist\u00f3bal Mill\u00e1n, Adecos en Defensa del Zulia<br>Mervin Mar\u00edn, Uni\u00f3n y Cambio<br><strong><em>ET \/ Nota de Prensa<\/em><\/strong><\/p>\n","protected":false},"excerpt":{"rendered":"<p>ENTRE TORMENTAS. Como una muestra absoluta de unidad, la oposici\u00f3n dio a conocer formalmente sus&#8230;<\/p>\n","protected":false},"author":2,"featured_media":18389,"comment_status":"closed","ping_status":"open","sticky":false,"template":"","format":"standard","meta":{"footnotes":""},"categories":[1],"tags":[],"class_list":["post-18386","post","type-post","status-publish","format-standard","has-post-thumbnail","hentry","category-regionales"],"_links":{"self":[{"href":"https:\/\/entretormentas.com\/index.php?rest_route=\/wp\/v2\/posts\/18386","targetHints":{"allow":["GET"]}}],"collection":[{"href":"https:\/\/entretormentas.com\/index.php?rest_route=\/wp\/v2\/posts"}],"about":[{"href":"https:\/\/entretormentas.com\/index.php?rest_route=\/wp\/v2\/types\/post"}],"author":[{"embeddable":true,"href":"https:\/\/entretormentas.com\/index.php?rest_route=\/wp\/v2\/users\/2"}],"replies":[{"embeddable":true,"href":"https:\/\/entretormentas.com\/index.php?rest_route=%2Fwp%2Fv2%2Fcomments&post=18386"}],"version-history":[{"count":1,"href":"https:\/\/entretormentas.com\/index.php?rest_route=\/wp\/v2\/posts\/18386\/revisions"}],"predecessor-version":[{"id":18390,"href":"https:\/\/entretormentas.com\/index.php?rest_route=\/wp\/v2\/posts\/18386\/revisions\/18390"}],"wp:featuredmedia":[{"embeddable":true,"href":"https:\/\/entretormentas.com\/index.php?rest_route=\/wp\/v2\/media\/18389"}],"wp:attachment":[{"href":"https:\/\/entretormentas.com\/index.php?rest_route=%2Fwp%2Fv2%2Fmedia&parent=18386"}],"wp:term":[{"taxonomy":"category","embeddable":true,"href":"https:\/\/entretormentas.com\/index.php?rest_route=%2Fwp%2Fv2%2Fcategories&post=18386"},{"taxonomy":"post_tag","embeddable":true,"href":"https:\/\/entretormentas.com\/index.php?rest_route=%2Fwp%2Fv2%2Ftags&post=18386"}],"curies":[{"name":"wp","href":"https:\/\/api.w.org\/{rel}","templated":true}]}}