{"id":18400,"date":"2025-06-25T10:31:05","date_gmt":"2025-06-25T08:31:05","guid":{"rendered":"https:\/\/entretormentas.com\/?p=18400"},"modified":"2025-06-25T10:31:05","modified_gmt":"2025-06-25T08:31:05","slug":"oferta-electoral-di-martino-propone-150-camiones-y-mil-500-salserines-para-recoleccion-de-basura","status":"publish","type":"post","link":"https:\/\/entretormentas.com\/oferta-electoral-di-martino-propone-150-camiones-y-mil-500-salserines-para-recoleccion-de-basura\/","title":{"rendered":"\u00a1OFERTA ELECTORAL! Di Martino propone 150 camiones y mil 500 salserines para recolecci\u00f3n de basura"},"content":{"rendered":"\n<p><strong>ENTRE TORMENTAS. <\/strong>El candidato a la Alcald\u00eda de Maracaibo, por el PSUV y GPPSB, Giancarlo Di Martino, en su encuentro con l\u00edderes y dirigencia de las parroquias Bol\u00edvar y Chiquinquir\u00e1, se pronunci\u00f3 para anunciar la entrega de un proyecto al presidente Nicol\u00e1s Maduro de 150 camiones para la recolecci\u00f3n de desechos s\u00f3lidos en virtud de la grave situaci\u00f3n que presenta la ciudad.<\/p>\n\n\n\n<p>Di Martino se\u00f1al\u00f3 a su llegada a estos encuentros de la maquinaria para las venideras elecciones municipales del 27 de julio que Maracaibo debe ser gerenciada para que vuelva a ser la primera ciudad de Venezuela y \u201ceso lo vamos a hacer con una buena gesti\u00f3n, porque este es un pueblo noble\u201d, acot\u00f2.<\/p>\n\n\n\n<figure class=\"wp-block-image size-full\"><img fetchpriority=\"high\" decoding=\"async\" width=\"1024\" height=\"683\" src=\"https:\/\/entretormentas.com\/wp-content\/uploads\/2025\/06\/dimarti2.jpeg\" alt=\"\" class=\"wp-image-18401\" srcset=\"https:\/\/entretormentas.com\/wp-content\/uploads\/2025\/06\/dimarti2.jpeg 1024w, https:\/\/entretormentas.com\/wp-content\/uploads\/2025\/06\/dimarti2-300x200.jpeg 300w, https:\/\/entretormentas.com\/wp-content\/uploads\/2025\/06\/dimarti2-768x512.jpeg 768w\" sizes=\"(max-width: 1024px) 100vw, 1024px\" \/><\/figure>\n\n\n\n<p>\u201cEn Maracaibo se generan dos mil 500 toneladas de basura, por esa raz\u00f3n ya empezamos a gestionar esos 150 camiones con m\u00e1s de mil 500 salserines para ingresarlos directamente en la alcald\u00eda y todo el tema de infraestructura que tiene que ver con esa gesti\u00f3n. Hay moscas por todos lados, por la gran cantidad de basura que hay en la ciudad, esto deber\u00eda decretarse en una emergencia sanitaria porque no hay recolecci\u00f3n\u201d, dijo el candidato.<\/p>\n\n\n\n<p>Asimismo, se refiri\u00f3 al tema de la seguridad integral destacando que propone desarrollar una alianza fuerte para obtener la log\u00edstica e inversi\u00f3n especial para establecer un orden en el tr\u00e1nsito, el Control y Direcci\u00f3n que pose\u00eda antes la ciudad y que ahora es un caos.<\/p>\n\n\n\n<p>\u201cTendremos un sistema de seguridad en los sem\u00e1foros con c\u00e1maras de alta tecnolog\u00eda para un mejor control en la calle. Haremos inversi\u00f3n importante en veh\u00edculos, motos, vamos a revisar los salarios de los polic\u00edas, de los bomberos y en este caso de los bomberos vamos a ser bien enf\u00e1ticos, asi como Protecci\u00f3n Civil, con ambulancias que lleguen de tres a cinco minutos a la zona de emergencia\u201d.<\/p>\n\n\n\n<p><strong>A DIGNIFICAR A BOMBEROS Y POLIC\u00cdAS<\/strong><br>Inform\u00f3 que har\u00e1 grandes inversiones con el Cuerpo de Bomberos que est\u00e1n totalmente desasistidos, \u201ca los bomberos les digo: muchachos, tengan fe que vamos a llegar a crear las condiciones salariales, igual les digo a los polic\u00edas, as\u00ed como tambi\u00e9n a los obreros y empleados de la alcald\u00eda que en estos momentos est\u00e1n sufriendo los embates de un desgobierno que los ha ahogado y deshumanizado\u201d.<\/p>\n\n\n\n<figure class=\"wp-block-image size-large\"><img decoding=\"async\" width=\"1024\" height=\"531\" src=\"https:\/\/entretormentas.com\/wp-content\/uploads\/2025\/06\/dimarti3-1024x531.jpeg\" alt=\"\" class=\"wp-image-18402\" srcset=\"https:\/\/entretormentas.com\/wp-content\/uploads\/2025\/06\/dimarti3-1024x531.jpeg 1024w, https:\/\/entretormentas.com\/wp-content\/uploads\/2025\/06\/dimarti3-300x156.jpeg 300w, https:\/\/entretormentas.com\/wp-content\/uploads\/2025\/06\/dimarti3-768x398.jpeg 768w, https:\/\/entretormentas.com\/wp-content\/uploads\/2025\/06\/dimarti3.jpeg 1280w\" sizes=\"(max-width: 1024px) 100vw, 1024px\" \/><\/figure>\n\n\n\n<p>Finalmente, Di Martino dijo que seguir\u00e1 avanzando consolidando proyectos para el Presidente Nicol\u00e1s Maduro para el asfaltado, la recuperaci\u00f3n de las canchas deportivas, de los espacios para vivir mejor, para la recreaci\u00f3n haciendo \u00e9nfasis en el Proyecto de la Cota Cero, el cual consider\u00f3 muy importante para el comercio de la ciudad.<\/p>\n\n\n\n<p>\u201cA los comerciantes les digo que vamos a hacer una pol\u00edtica para la inversi\u00f3n, para que venga el comercio, para que esos comerciantes regresen y se afiancen, porque les vamos a dar seguridad jur\u00eddica y retomar la confianza de esas empresas que nutrieron a Maracaibo de una actividad comercial extraordinaria, que repercuta en el desarrollo de la actividad tur\u00edstica y comercial y organizar grandes eventos deportivos y culturales de gran envergadura, creando las condiciones para consolidar a la primera ciudad de Venezuela\u201d, apunt\u00f3 Di Martino.<br><strong><em>ET \/ Nota de Prensa<\/em><\/strong><\/p>\n\n\n\n<p><\/p>\n","protected":false},"excerpt":{"rendered":"<p>ENTRE TORMENTAS. El candidato a la Alcald\u00eda de Maracaibo, por el PSUV y GPPSB, Giancarlo&#8230;<\/p>\n","protected":false},"author":2,"featured_media":18403,"comment_status":"closed","ping_status":"open","sticky":false,"template":"","format":"standard","meta":{"footnotes":""},"categories":[57,1],"tags":[],"class_list":["post-18400","post","type-post","status-publish","format-standard","has-post-thumbnail","hentry","category-actualidad","category-regionales"],"_links":{"self":[{"href":"https:\/\/entretormentas.com\/index.php?rest_route=\/wp\/v2\/posts\/18400","targetHints":{"allow":["GET"]}}],"collection":[{"href":"https:\/\/entretormentas.com\/index.php?rest_route=\/wp\/v2\/posts"}],"about":[{"href":"https:\/\/entretormentas.com\/index.php?rest_route=\/wp\/v2\/types\/post"}],"author":[{"embeddable":true,"href":"https:\/\/entretormentas.com\/index.php?rest_route=\/wp\/v2\/users\/2"}],"replies":[{"embeddable":true,"href":"https:\/\/entretormentas.com\/index.php?rest_route=%2Fwp%2Fv2%2Fcomments&post=18400"}],"version-history":[{"count":1,"href":"https:\/\/entretormentas.com\/index.php?rest_route=\/wp\/v2\/posts\/18400\/revisions"}],"predecessor-version":[{"id":18404,"href":"https:\/\/entretormentas.com\/index.php?rest_route=\/wp\/v2\/posts\/18400\/revisions\/18404"}],"wp:featuredmedia":[{"embeddable":true,"href":"https:\/\/entretormentas.com\/index.php?rest_route=\/wp\/v2\/media\/18403"}],"wp:attachment":[{"href":"https:\/\/entretormentas.com\/index.php?rest_route=%2Fwp%2Fv2%2Fmedia&parent=18400"}],"wp:term":[{"taxonomy":"category","embeddable":true,"href":"https:\/\/entretormentas.com\/index.php?rest_route=%2Fwp%2Fv2%2Fcategories&post=18400"},{"taxonomy":"post_tag","embeddable":true,"href":"https:\/\/entretormentas.com\/index.php?rest_route=%2Fwp%2Fv2%2Ftags&post=18400"}],"curies":[{"name":"wp","href":"https:\/\/api.w.org\/{rel}","templated":true}]}}