{"id":18405,"date":"2025-06-25T10:35:26","date_gmt":"2025-06-25T08:35:26","guid":{"rendered":"https:\/\/entretormentas.com\/?p=18405"},"modified":"2025-06-25T10:35:26","modified_gmt":"2025-06-25T08:35:26","slug":"en-siete-puntos-plan-de-atencion-nocturna-arranca-en-cuatro-parroquias-de-maracaibo","status":"publish","type":"post","link":"https:\/\/entretormentas.com\/en-siete-puntos-plan-de-atencion-nocturna-arranca-en-cuatro-parroquias-de-maracaibo\/","title":{"rendered":"\u00a1EN SIETE PUNTOS! Plan de Atenci\u00f3n Nocturna arranca en cuatro parroquias de Maracaibo"},"content":{"rendered":"\n<p><strong>ENTRE TORMENTAS. <\/strong>Los sectores Pueblo Nuevo, avenida 9B con calle 60 y 61, avenida 11 con calle 67B y avenida 13 sector Tierra Negra, en la parroquia Olegario Villalobos; Mar\u00eda Concepci\u00f3n Palacios II, en la parroquia Manuel Dagnino; Parque La Colina, en la parroquia Cecilio Acosta; y Ca\u00f1ada Honda entre las parroquias Cecilio Acosta y Cacique Mara; fueron los primeros siete puntos abordados con el Plan de Atenci\u00f3n Nocturna, de la Alcald\u00eda de Maracaibo este lunes 23 de junio.<\/p>\n\n\n\n<p>Adri\u00e1n Romero Mart\u00ednez, alcalde encargado de Maracaibo, detall\u00f3 la ma\u00f1ana de este lunes en su Balance de Gesti\u00f3n y Transparencia n\u00famero 127 que a partir de esa fecha la ciudad refuerza su recolecci\u00f3n domiciliaria con recolecci\u00f3n en las noches para sanear las zonas en donde algunos desechos quedan rezagados. \u201cConscientes de que la ciudad no descansa, hemos dise\u00f1ado este plan para optimizar la recolecci\u00f3n de desechos s\u00f3lidos en horarios nocturnos, arrancando en las parroquias cuya recolecci\u00f3n corresponde al d\u00eda de hoy: Cristo de Aranza, Francisco Eugenio Bustamante, Juana de \u00c1vila, Luis Hurtado Higuera, Manuel Dagnino, Olegario Villalobos, San Isidro y Venancio Pulgar\u201d.<\/p>\n\n\n\n<figure class=\"wp-block-image size-large\"><img fetchpriority=\"high\" decoding=\"async\" width=\"1024\" height=\"682\" src=\"https:\/\/entretormentas.com\/wp-content\/uploads\/2025\/06\/aseonoche2-1024x682.jpeg\" alt=\"\" class=\"wp-image-18406\" srcset=\"https:\/\/entretormentas.com\/wp-content\/uploads\/2025\/06\/aseonoche2-1024x682.jpeg 1024w, https:\/\/entretormentas.com\/wp-content\/uploads\/2025\/06\/aseonoche2-300x200.jpeg 300w, https:\/\/entretormentas.com\/wp-content\/uploads\/2025\/06\/aseonoche2-768x512.jpeg 768w, https:\/\/entretormentas.com\/wp-content\/uploads\/2025\/06\/aseonoche2-1536x1024.jpeg 1536w, https:\/\/entretormentas.com\/wp-content\/uploads\/2025\/06\/aseonoche2-2048x1365.jpeg 2048w\" sizes=\"(max-width: 1024px) 100vw, 1024px\" \/><\/figure>\n\n\n\n<p>Romero Mart\u00ednez inspeccion\u00f3 cada uno de los puntos abordados en las cuatro parroquias incluyendo la frecuencia regular en los principales corredores viales, para constatar el cumplimiento del Plan de Atenci\u00f3n Nocturna. \u201cCon esto mantendremos la ciudad limpia y ordenada, especialmente en zonas de alta afluencia o comerciales, para devolverle a Maracaibo la tranquilidad y la operatividad que nuestros ciudadanos merecen las 24 horas del d\u00eda\u00bb, afirm\u00f3 durante el lanzamiento.<\/p>\n\n\n\n<p><strong>MARABINOS CELEBRAN LA INICIATIVA<\/strong><br>Vecinos de las parroquias de la ciudad en d\u00f3nde corresponde el cronograma de recolecci\u00f3n domiciliaria la noche y madrugada de este lunes 23 de junio expresaron su satisfacci\u00f3n al ver el cumplimiento de este plan como manera de refuerzo en la recolecci\u00f3n.<\/p>\n\n\n\n<p>Geraldine Brice\u00f1o, vecina de la parroquia Manuel Dagnino de 38 a\u00f1os, detall\u00f3 que con este plan que est\u00e1 implementando la Alcald\u00eda mejorar\u00e1 mucho la recolecci\u00f3n.<\/p>\n\n\n\n<figure class=\"wp-block-image size-large\"><img decoding=\"async\" width=\"1024\" height=\"682\" src=\"https:\/\/entretormentas.com\/wp-content\/uploads\/2025\/06\/aseonoche3-1024x682.jpeg\" alt=\"\" class=\"wp-image-18407\" srcset=\"https:\/\/entretormentas.com\/wp-content\/uploads\/2025\/06\/aseonoche3-1024x682.jpeg 1024w, https:\/\/entretormentas.com\/wp-content\/uploads\/2025\/06\/aseonoche3-300x200.jpeg 300w, https:\/\/entretormentas.com\/wp-content\/uploads\/2025\/06\/aseonoche3-768x512.jpeg 768w, https:\/\/entretormentas.com\/wp-content\/uploads\/2025\/06\/aseonoche3-1536x1024.jpeg 1536w, https:\/\/entretormentas.com\/wp-content\/uploads\/2025\/06\/aseonoche3-2048x1365.jpeg 2048w\" sizes=\"(max-width: 1024px) 100vw, 1024px\" \/><\/figure>\n\n\n\n<p>Wilmer Garc\u00eda, vecino del sector Ca\u00f1ada Honda de la parroquia Cecilio Acosta de 65 a\u00f1os, expres\u00f3 que es muy buena esta iniciativa que est\u00e1 implementando la Alcald\u00eda de Maracaibo en materia de desechos. \u00abYa se estaba volviendo a formar el play\u00f3n que ten\u00edamos a media cuadra de mi casa y que bueno que ya vinieron a recogerlo. Ahora nosotros seremos los garantes de que nadie m\u00e1s coloque desechos en el terreno de atr\u00e1s porque esto nos perjudica a todos\u00bb.<\/p>\n\n\n\n<p>Consuelo \u00c1lvarez, vecina del sector Concepci\u00f3n Palacios II de 56 a\u00f1os, explic\u00f3 que desde que volvi\u00f3 la recolecci\u00f3n de desechos a las calles, el aseo ha sido un servicio muy bueno. \u201cA\u00f1os atr\u00e1s esto no se ve\u00eda en las calles y gracias a Dios ahora nos llegan casa a casa a recoger los desechos y no se ve el desastre que se ve\u00eda antes en las calles\u00bb.<\/p>\n\n\n\n<p>El Plan de Atenci\u00f3n Nocturna estar\u00e1 en las calles para reforzar la recolecci\u00f3n regular y evitar acumulaci\u00f3n por los desechos que se quedan rezagados producto de las lluvias.<br><strong><em>ET \/ DCI Alcald\u00eda de Maracaibo<\/em><\/strong><\/p>\n\n\n\n<p><\/p>\n","protected":false},"excerpt":{"rendered":"<p>ENTRE TORMENTAS. Los sectores Pueblo Nuevo, avenida 9B con calle 60 y 61, avenida 11&#8230;<\/p>\n","protected":false},"author":2,"featured_media":18408,"comment_status":"closed","ping_status":"open","sticky":false,"template":"","format":"standard","meta":{"footnotes":""},"categories":[57,1],"tags":[],"class_list":["post-18405","post","type-post","status-publish","format-standard","has-post-thumbnail","hentry","category-actualidad","category-regionales"],"_links":{"self":[{"href":"https:\/\/entretormentas.com\/index.php?rest_route=\/wp\/v2\/posts\/18405","targetHints":{"allow":["GET"]}}],"collection":[{"href":"https:\/\/entretormentas.com\/index.php?rest_route=\/wp\/v2\/posts"}],"about":[{"href":"https:\/\/entretormentas.com\/index.php?rest_route=\/wp\/v2\/types\/post"}],"author":[{"embeddable":true,"href":"https:\/\/entretormentas.com\/index.php?rest_route=\/wp\/v2\/users\/2"}],"replies":[{"embeddable":true,"href":"https:\/\/entretormentas.com\/index.php?rest_route=%2Fwp%2Fv2%2Fcomments&post=18405"}],"version-history":[{"count":1,"href":"https:\/\/entretormentas.com\/index.php?rest_route=\/wp\/v2\/posts\/18405\/revisions"}],"predecessor-version":[{"id":18409,"href":"https:\/\/entretormentas.com\/index.php?rest_route=\/wp\/v2\/posts\/18405\/revisions\/18409"}],"wp:featuredmedia":[{"embeddable":true,"href":"https:\/\/entretormentas.com\/index.php?rest_route=\/wp\/v2\/media\/18408"}],"wp:attachment":[{"href":"https:\/\/entretormentas.com\/index.php?rest_route=%2Fwp%2Fv2%2Fmedia&parent=18405"}],"wp:term":[{"taxonomy":"category","embeddable":true,"href":"https:\/\/entretormentas.com\/index.php?rest_route=%2Fwp%2Fv2%2Fcategories&post=18405"},{"taxonomy":"post_tag","embeddable":true,"href":"https:\/\/entretormentas.com\/index.php?rest_route=%2Fwp%2Fv2%2Ftags&post=18405"}],"curies":[{"name":"wp","href":"https:\/\/api.w.org\/{rel}","templated":true}]}}