{"id":18410,"date":"2025-06-25T10:38:50","date_gmt":"2025-06-25T08:38:50","guid":{"rendered":"https:\/\/entretormentas.com\/?p=18410"},"modified":"2025-06-25T10:38:51","modified_gmt":"2025-06-25T08:38:51","slug":"caldera-gesta-historica-de-1821-seguira-flameando-la-bandera-de-la-dignidad-la-soberania-y-la-libertad","status":"publish","type":"post","link":"https:\/\/entretormentas.com\/caldera-gesta-historica-de-1821-seguira-flameando-la-bandera-de-la-dignidad-la-soberania-y-la-libertad\/","title":{"rendered":"CALDERA: \u00abGesta hist\u00f3rica de 1821 seguir\u00e1 flameando la bandera de la dignidad, la soberan\u00eda y la libertad\u00bb"},"content":{"rendered":"\n<p><strong>ENTRE TORMENTAS. <\/strong>El Cuartel El Libertador de Maracaibo, sirvi\u00f3 de espacio para conmemorar en el Zulia el 204 aniversario de la Batalla de Carabobo en uni\u00f3n c\u00edvico-militar-policial-popular, recordando que esta haza\u00f1a hist\u00f3rica sigue siendo ejemplo para el mundo de la dignidad venezolana contra el poder\u00edo imperial, como lo expres\u00f3 el gobernador del estado, Ing. Luis Caldera.<\/p>\n\n\n\n<p>Al hacer un breve recorrido hist\u00f3rico de la cruzada independentista del 23 de junio de 1821, el gobernador Caldera expres\u00f3 que, desde del Zulia, con la carga hist\u00f3rica de hace 204 a\u00f1os, con la lealtad del Gral. Rafael Urdaneta, Venezuela ser\u00e1 libre hoy, ma\u00f1ana y siempre, con el mismo el mismo Ej\u00e9rcito, hoy Fuerza Armada Nacional Bolivariana (Fanb), que defiende a la Patria en el mundo por el derecho a existir.<\/p>\n\n\n\n<figure class=\"wp-block-image size-large\"><img fetchpriority=\"high\" decoding=\"async\" width=\"1024\" height=\"685\" src=\"https:\/\/entretormentas.com\/wp-content\/uploads\/2025\/06\/carabobo2-1024x685.jpeg\" alt=\"\" class=\"wp-image-18411\" srcset=\"https:\/\/entretormentas.com\/wp-content\/uploads\/2025\/06\/carabobo2-1024x685.jpeg 1024w, https:\/\/entretormentas.com\/wp-content\/uploads\/2025\/06\/carabobo2-300x201.jpeg 300w, https:\/\/entretormentas.com\/wp-content\/uploads\/2025\/06\/carabobo2-768x514.jpeg 768w, https:\/\/entretormentas.com\/wp-content\/uploads\/2025\/06\/carabobo2.jpeg 1280w\" sizes=\"(max-width: 1024px) 100vw, 1024px\" \/><\/figure>\n\n\n\n<p>\u201cCon esa misma gesta heroica, en nombre del pueblo zuliano, en uni\u00f3n c\u00edvico-militar- policial-popular, seguir\u00e1n flameando las banderas de la dignidad, la soberan\u00eda y la libertad. Esa sangre del 24 de junio de 1821 no cay\u00f3 en un territorio seco, sino que se creci\u00f3 y hoy defiende el tricolor nacional\u201d, subray\u00f3 el mandatario zuliano.<\/p>\n\n\n\n<p>El comandante de la Regi\u00f3n de Defensa Estrat\u00e9gica Integral de Occidente, MG. Pedro Gonz\u00e1lez, manifest\u00f3 que \u201cCarabobo no es solo una batalla, sino ejemplo de dignidad para el mundo, sobre todo en la actualidad, en la que la prepotencia imperial quiere llevar al mundo a guerras.<\/p>\n\n\n\n<figure class=\"wp-block-image size-large\"><img decoding=\"async\" width=\"1024\" height=\"682\" src=\"https:\/\/entretormentas.com\/wp-content\/uploads\/2025\/06\/carabobo3-1024x682.jpeg\" alt=\"\" class=\"wp-image-18412\" srcset=\"https:\/\/entretormentas.com\/wp-content\/uploads\/2025\/06\/carabobo3-1024x682.jpeg 1024w, https:\/\/entretormentas.com\/wp-content\/uploads\/2025\/06\/carabobo3-300x200.jpeg 300w, https:\/\/entretormentas.com\/wp-content\/uploads\/2025\/06\/carabobo3-768x512.jpeg 768w, https:\/\/entretormentas.com\/wp-content\/uploads\/2025\/06\/carabobo3.jpeg 1280w\" sizes=\"(max-width: 1024px) 100vw, 1024px\" \/><\/figure>\n\n\n\n<p>\u201cNosotros somos un ejemplo de que cuando un pueblo digno se propone a ser libre, se propone a ser independiente, lo logra. Estamos conmemorando hoy el ejemplo de dignidad del Ej\u00e9rcito Libertador, \u00fanico ejemplo que ha traspasado sus fronteras para dar libertad\u201d, resalt\u00f3 el jefe militar.<\/p>\n\n\n\n<p>En el acto, la Redi Occidental le hizo entrega al gobernador del Zulia, Caldera, la Condecoraci\u00f3n Sol de Occidente en su Primera Clase.<br><strong><em>ET \/ Nota de Prensa<\/em><\/strong><\/p>\n","protected":false},"excerpt":{"rendered":"<p>ENTRE TORMENTAS. El Cuartel El Libertador de Maracaibo, sirvi\u00f3 de espacio para conmemorar en el&#8230;<\/p>\n","protected":false},"author":2,"featured_media":18413,"comment_status":"closed","ping_status":"open","sticky":false,"template":"","format":"standard","meta":{"footnotes":""},"categories":[57,1],"tags":[],"class_list":["post-18410","post","type-post","status-publish","format-standard","has-post-thumbnail","hentry","category-actualidad","category-regionales"],"_links":{"self":[{"href":"https:\/\/entretormentas.com\/index.php?rest_route=\/wp\/v2\/posts\/18410","targetHints":{"allow":["GET"]}}],"collection":[{"href":"https:\/\/entretormentas.com\/index.php?rest_route=\/wp\/v2\/posts"}],"about":[{"href":"https:\/\/entretormentas.com\/index.php?rest_route=\/wp\/v2\/types\/post"}],"author":[{"embeddable":true,"href":"https:\/\/entretormentas.com\/index.php?rest_route=\/wp\/v2\/users\/2"}],"replies":[{"embeddable":true,"href":"https:\/\/entretormentas.com\/index.php?rest_route=%2Fwp%2Fv2%2Fcomments&post=18410"}],"version-history":[{"count":1,"href":"https:\/\/entretormentas.com\/index.php?rest_route=\/wp\/v2\/posts\/18410\/revisions"}],"predecessor-version":[{"id":18414,"href":"https:\/\/entretormentas.com\/index.php?rest_route=\/wp\/v2\/posts\/18410\/revisions\/18414"}],"wp:featuredmedia":[{"embeddable":true,"href":"https:\/\/entretormentas.com\/index.php?rest_route=\/wp\/v2\/media\/18413"}],"wp:attachment":[{"href":"https:\/\/entretormentas.com\/index.php?rest_route=%2Fwp%2Fv2%2Fmedia&parent=18410"}],"wp:term":[{"taxonomy":"category","embeddable":true,"href":"https:\/\/entretormentas.com\/index.php?rest_route=%2Fwp%2Fv2%2Fcategories&post=18410"},{"taxonomy":"post_tag","embeddable":true,"href":"https:\/\/entretormentas.com\/index.php?rest_route=%2Fwp%2Fv2%2Ftags&post=18410"}],"curies":[{"name":"wp","href":"https:\/\/api.w.org\/{rel}","templated":true}]}}