{"id":18422,"date":"2025-06-25T10:47:01","date_gmt":"2025-06-25T08:47:01","guid":{"rendered":"https:\/\/entretormentas.com\/?p=18422"},"modified":"2025-06-25T10:47:01","modified_gmt":"2025-06-25T08:47:01","slug":"propuesta-maduro-reitera-propuesta-de-cumbre-presidencial-para-frenar-la-locura-del-fascismo","status":"publish","type":"post","link":"https:\/\/entretormentas.com\/propuesta-maduro-reitera-propuesta-de-cumbre-presidencial-para-frenar-la-locura-del-fascismo\/","title":{"rendered":"\u00a1PROPUESTA! Maduro reitera propuesta de cumbre presidencial para frenar \u00abla locura del fascismo\u00bb"},"content":{"rendered":"\n<p><strong>ENTRE TORMENTAS. <\/strong>El presidente, Nicol\u00e1s Maduro, hizo un llamado a cesar la violencia en el oriente medio entre Ir\u00e1n e Israel. \u00abHoy cuando el sionismo agrede a Palestina, Siria, Yemen, a Ir\u00e1n, L\u00edbano, Irak y a la Rep\u00fablica isl\u00e1mica de Ir\u00e1n; Venezuela propone una cumbre de presidentes para que no se repita la locura de Adolfo Hitler y del fascismo que destruy\u00f3 gran parte de la humanidad\u00bb.<\/p>\n\n\n\n<p>Asimismo pidi\u00f3 el cese de todas las guerras y que se respeten los derechos p\u00fablicos internacionales, respeto a los pueblos y el derecho de la paz de los pueblos, rese\u00f1\u00f3 Uni\u00f3n Radio.<\/p>\n\n\n\n<p>Estas declaraciones fueron dadas en la conmemoraci\u00f3n de los 204 aniversarios de la Batalla de Carabobo y D\u00eda del Ej\u00e9rcito Bolivariano.<br><strong><em>ET \/ Agencias<\/em><\/strong><\/p>\n","protected":false},"excerpt":{"rendered":"<p>ENTRE TORMENTAS. El presidente, Nicol\u00e1s Maduro, hizo un llamado a cesar la violencia en el&#8230;<\/p>\n","protected":false},"author":2,"featured_media":18423,"comment_status":"closed","ping_status":"open","sticky":false,"template":"","format":"standard","meta":{"footnotes":""},"categories":[56,49],"tags":[],"class_list":["post-18422","post","type-post","status-publish","format-standard","has-post-thumbnail","hentry","category-destacadas","category-nacionales"],"_links":{"self":[{"href":"https:\/\/entretormentas.com\/index.php?rest_route=\/wp\/v2\/posts\/18422","targetHints":{"allow":["GET"]}}],"collection":[{"href":"https:\/\/entretormentas.com\/index.php?rest_route=\/wp\/v2\/posts"}],"about":[{"href":"https:\/\/entretormentas.com\/index.php?rest_route=\/wp\/v2\/types\/post"}],"author":[{"embeddable":true,"href":"https:\/\/entretormentas.com\/index.php?rest_route=\/wp\/v2\/users\/2"}],"replies":[{"embeddable":true,"href":"https:\/\/entretormentas.com\/index.php?rest_route=%2Fwp%2Fv2%2Fcomments&post=18422"}],"version-history":[{"count":1,"href":"https:\/\/entretormentas.com\/index.php?rest_route=\/wp\/v2\/posts\/18422\/revisions"}],"predecessor-version":[{"id":18424,"href":"https:\/\/entretormentas.com\/index.php?rest_route=\/wp\/v2\/posts\/18422\/revisions\/18424"}],"wp:featuredmedia":[{"embeddable":true,"href":"https:\/\/entretormentas.com\/index.php?rest_route=\/wp\/v2\/media\/18423"}],"wp:attachment":[{"href":"https:\/\/entretormentas.com\/index.php?rest_route=%2Fwp%2Fv2%2Fmedia&parent=18422"}],"wp:term":[{"taxonomy":"category","embeddable":true,"href":"https:\/\/entretormentas.com\/index.php?rest_route=%2Fwp%2Fv2%2Fcategories&post=18422"},{"taxonomy":"post_tag","embeddable":true,"href":"https:\/\/entretormentas.com\/index.php?rest_route=%2Fwp%2Fv2%2Ftags&post=18422"}],"curies":[{"name":"wp","href":"https:\/\/api.w.org\/{rel}","templated":true}]}}