{"id":18425,"date":"2025-06-25T10:48:46","date_gmt":"2025-06-25T08:48:46","guid":{"rendered":"https:\/\/entretormentas.com\/?p=18425"},"modified":"2025-06-25T10:48:47","modified_gmt":"2025-06-25T08:48:47","slug":"desde-la-onu-guterres-insta-a-israel-e-iran-a-respetar-el-alto-al-fuego-anunciado-por-trump","status":"publish","type":"post","link":"https:\/\/entretormentas.com\/desde-la-onu-guterres-insta-a-israel-e-iran-a-respetar-el-alto-al-fuego-anunciado-por-trump\/","title":{"rendered":"\u00a1DESDE LA ONU! Guterres insta a Israel e Ir\u00e1n a respetar el alto al fuego anunciado por Trump"},"content":{"rendered":"\n<p><strong>ENTRE TORMENTAS. <\/strong>El secretario general de la ONU, Ant\u00f3nio Guterres, inst\u00f3 este martes a Israel y a Ir\u00e1n a \u00abrespetar por completo\u00bb el alto el fuego anunciado en la v\u00edspera por el presidente de EE. UU., Donald Trump.<\/p>\n\n\n\n<p>\u00abLos combates deben cesar. Los pueblos de los dos pa\u00edses ya han sufrido demasiado\u00bb, razon\u00f3 Guterres.<\/p>\n\n\n\n<p>Adem\u00e1s, en un mensaje en su cuenta de X, dijo esperar que \u00abeste alto el fuego pueda replicarse en otros conflictos en la regi\u00f3n\u00bb, una alusi\u00f3n evidente a la guerra de Gaza, que no ha cesado durante el tiempo en que han durado las hostilidades entre Israel e Ir\u00e1n.<br><strong><em>ET \/ Agencias<\/em><\/strong><\/p>\n","protected":false},"excerpt":{"rendered":"<p>ENTRE TORMENTAS. El secretario general de la ONU, Ant\u00f3nio Guterres, inst\u00f3 este martes a Israel&#8230;<\/p>\n","protected":false},"author":2,"featured_media":18426,"comment_status":"closed","ping_status":"open","sticky":false,"template":"","format":"standard","meta":{"footnotes":""},"categories":[48],"tags":[],"class_list":["post-18425","post","type-post","status-publish","format-standard","has-post-thumbnail","hentry","category-internacionales"],"_links":{"self":[{"href":"https:\/\/entretormentas.com\/index.php?rest_route=\/wp\/v2\/posts\/18425","targetHints":{"allow":["GET"]}}],"collection":[{"href":"https:\/\/entretormentas.com\/index.php?rest_route=\/wp\/v2\/posts"}],"about":[{"href":"https:\/\/entretormentas.com\/index.php?rest_route=\/wp\/v2\/types\/post"}],"author":[{"embeddable":true,"href":"https:\/\/entretormentas.com\/index.php?rest_route=\/wp\/v2\/users\/2"}],"replies":[{"embeddable":true,"href":"https:\/\/entretormentas.com\/index.php?rest_route=%2Fwp%2Fv2%2Fcomments&post=18425"}],"version-history":[{"count":1,"href":"https:\/\/entretormentas.com\/index.php?rest_route=\/wp\/v2\/posts\/18425\/revisions"}],"predecessor-version":[{"id":18427,"href":"https:\/\/entretormentas.com\/index.php?rest_route=\/wp\/v2\/posts\/18425\/revisions\/18427"}],"wp:featuredmedia":[{"embeddable":true,"href":"https:\/\/entretormentas.com\/index.php?rest_route=\/wp\/v2\/media\/18426"}],"wp:attachment":[{"href":"https:\/\/entretormentas.com\/index.php?rest_route=%2Fwp%2Fv2%2Fmedia&parent=18425"}],"wp:term":[{"taxonomy":"category","embeddable":true,"href":"https:\/\/entretormentas.com\/index.php?rest_route=%2Fwp%2Fv2%2Fcategories&post=18425"},{"taxonomy":"post_tag","embeddable":true,"href":"https:\/\/entretormentas.com\/index.php?rest_route=%2Fwp%2Fv2%2Ftags&post=18425"}],"curies":[{"name":"wp","href":"https:\/\/api.w.org\/{rel}","templated":true}]}}