{"id":18435,"date":"2025-06-25T10:57:42","date_gmt":"2025-06-25T08:57:42","guid":{"rendered":"https:\/\/entretormentas.com\/?p=18435"},"modified":"2025-06-25T10:57:42","modified_gmt":"2025-06-25T08:57:42","slug":"es-posible-ser-periodista-en-la-venezuela-del-2025","status":"publish","type":"post","link":"https:\/\/entretormentas.com\/es-posible-ser-periodista-en-la-venezuela-del-2025\/","title":{"rendered":"\u00bfEs posible ser periodista en la Venezuela del 2025?"},"content":{"rendered":"\n<p><strong><em>\u00abEl que manda debe o\u00edr aunque sean las m\u00e1s duras verdades y, despu\u00e9s de o\u00eddas, debe aprovecharse de ellas para corregir sus errores\u00bb<br><\/em>Sim\u00f3n Bol\u00edvar<\/strong><\/p>\n\n\n\n<p><strong>ENTRE TORMENTAS. <\/strong>Distintos, diferentes o nada parecidos podr\u00eda decirse que son los calificativos que permitan poder responder el t\u00edtulo de \u00e9ste art\u00edculo semanal. Algo que pueda despejar en la pr\u00e1ctica lo que significa ser periodista en la Venezuela de hoy. Tambi\u00e9n, adem\u00e1s, variadas son las premisas para encontrar esa respuesta.<\/p>\n\n\n\n<p>D\u00edgamos, por ejemplo, garant\u00eda a empleo, condiciones laborales, censura, persecuci\u00f3n, respeto al ejercicio profesional, libertad de expresi\u00f3n, seguridad social, salario digno y pensi\u00f3n de retiro. Calidad de vida. Esas, entre otras, resultan ser las causas que conviven a diario en el desempe\u00f1o del periodista venezolano que este viernes 27 conmemora su D\u00eda Nacional.<\/p>\n\n\n\n<p>Ser\u00e1 una conmemoraci\u00f3n, un momento especial y un compromiso renovado de un deber que debe seguir cumpli\u00e9ndose en cada uno en defensa de la libertad de expresi\u00f3n, hasta donde lo permitan las circunstancias pol\u00edticas. Es un sagrado derecho humano que est\u00e1 establecido, vigente, en la Constituci\u00f3n Bolivariana de Venezuela.<\/p>\n\n\n\n<p>Son los periodistas venezolanos, seg\u00fan lo establece la Ley de Ejercicio, los \u00fanicos responsables, autorizados y facultados para buscar, procesar, elaborar y transmitir la noticia a trav\u00e9s de la prensa escrita, radial, televisiva o en alguna plataforma de las nuevas tecnolog\u00edas.<\/p>\n\n\n\n<p>El 27 de Junio conmemoramos nuestro d\u00eda nacional en homenaje a la publicaci\u00f3n de 1.818 del Correo del Orinoco, peri\u00f3dico fundado por el Libertador Sim\u00f3n Bol\u00edvar al servicio de la lucha independentista, \u00e9poca cuando el hijo predilecto de Caracas us\u00f3 la imprenta en la lucha emancipadora a la que llam\u00f3 \u00abla artiller\u00eda del pensamiento\u00bb.<\/p>\n\n\n\n<p>En lomo de mula la carg\u00f3 como otro pertrecho de guerra indispensable durante la lucha emancipadora que lider\u00f3 contra la ocupaci\u00f3n espa\u00f1ola de buena parte de la Am\u00e9rica del Sur. Sostengo que vamos a conmemorar esta efem\u00e9ride, porque celebrar en verdad no existe ni hay razones en el pa\u00eds y veamos sus causas.<\/p>\n\n\n\n<p>Los periodistas venezolanos somos, l\u00e9ase bien, profesionales egresados de universidades p\u00fablicas o privadas, despu\u00e9s de cinco a\u00f1os de estudios, inscritos en el Colegio Nacional de Periodistas, CNP, Instituto de Previsi\u00f3n Social del Periodista, IPSP y debidamente autorizados por la Ley de Ejercicio del Periodismo para desempe\u00f1ar la profesi\u00f3n.<\/p>\n\n\n\n<p>Es importante decir que a\u00fan existen colegas, &#8211;muy pocos&#8211; protegidos por la Ley de Ejercicio del Periodismo, sin ser egresados universitarios, en raz\u00f3n que antes de promulgarse esa disposici\u00f3n legal, a\u00f1o 1.972, eran miembros de la Asociaci\u00f3n Venezolana de Periodistas, AVP, cuando en el pa\u00eds para ser periodista no era obligado poseer formaci\u00f3n universitaria.<\/p>\n\n\n\n<p>Es pertinente en ocasi\u00f3n de esta fecha, desempolvar el reclamo v\u00e1lido, individual o colectivo, muy recurrente en cualquier gremio profesional en estos tiempos, sobre el creciente ejercicio ilegal que existe en el periodismo venezolano, mayor o menor de acuerdo con las caracter\u00edsticas de cada regi\u00f3n o estado.<\/p>\n\n\n\n<p>No es ning\u00fan secreto la presencia de piratas, filibusteros y corsarios que ejercen, \u00abilegalmente\u00bb en el campo laboral del egresado universitario, ocupando el espacio de quien ha estudiado y egresado, cinco a\u00f1os despu\u00e9s de formarse en una casa de estudio superior o ha seguido otra nivelaci\u00f3n en su preparaci\u00f3n que busca profundizar una disciplina o \u00e1rea espec\u00edfica del conocimiento.&nbsp;<\/p>\n\n\n\n<p>Esa anterior realidad a empleadores, directiva nacional del CNP, seccionales, Sindicato Nacional de la Prensa, SNTP y agremiados no s\u00f3lo tiene que preocupar, sino que debe ocuparnos. Hay que a\u00f1adir adem\u00e1s la existencia de iniciativas, intentonas y movimientos que han tenido en la mira a la Asamblea Nacional para legislar, modificar o derogar la vigente Ley de Ejercicio del Periodismo de 1.972 a espaldas del gremio period\u00edstico.<\/p>\n\n\n\n<p>El prop\u00f3sito persigue \u00ablegalizar\u00bb lo ilegal, a trocha y mocha, cre\u00e1ndose un periodismo sin formaci\u00f3n universitaria o de medios alternativos, tapa amarilla o express. Lo triste es que detr\u00e1s de ese exabrupto han existido colegas \u00abrevolucionarios\u00bb graduados en universidades, quienes han auspiciado y empujado \u00ablegalizar\u00bb ese abuso, disparate o extravagancia.<\/p>\n\n\n\n<p>Vale decir que ese adefecio jur\u00eddico permitir\u00eda que el trabajo y responsabilidad de un profesional formado con rigurosidad, calidad y excelencia acad\u00e9mica no tendr\u00eda sentido, valor y seriedad social, sino que lo que busca es promover la mediocridad, desinformaci\u00f3n, autocensura, asegurar la hegemon\u00eda comunicacional y eliminar la ya golpeada, precaria y disminuida libertad de expresi\u00f3n.<\/p>\n\n\n\n<p>No es un secreto que con la llegada de la Revoluci\u00f3n del Siglo XXI los medios de comunicaci\u00f3n y los periodistas venezolanos hemos visto reducido el derecho constitucional a la libertad de expresi\u00f3n y al desempe\u00f1o laboral en el campo de trabajo. El crecimiento del desempleo ha sido constante.<\/p>\n\n\n\n<figure class=\"wp-block-image size-full is-resized\"><img fetchpriority=\"high\" decoding=\"async\" width=\"635\" height=\"789\" src=\"https:\/\/entretormentas.com\/wp-content\/uploads\/2025\/06\/PERIO.jpeg\" alt=\"\" class=\"wp-image-18436\" style=\"width:740px;height:auto\" srcset=\"https:\/\/entretormentas.com\/wp-content\/uploads\/2025\/06\/PERIO.jpeg 635w, https:\/\/entretormentas.com\/wp-content\/uploads\/2025\/06\/PERIO-241x300.jpeg 241w\" sizes=\"(max-width: 635px) 100vw, 635px\" \/><figcaption class=\"wp-element-caption\"><strong>CAR<\/strong>ICATURA: FEYO<\/figcaption><\/figure>\n\n\n\n<p>Tampoco es casual que en Venezuela los peri\u00f3dicos contin\u00faen desaparecidos, absolutamente, en su formato de papel. Seg\u00fan estimaciones del Colegio Nacional de Periodistas, CNP, desde el a\u00f1o 2007 en el pa\u00eds han cerrado m\u00e1s de 440 medios de comunicaci\u00f3n que incluyen 330 emisoras de radio.<\/p>\n\n\n\n<p>En el estado Zulia era com\u00fan leer desde muy temprano los diarios El Regional del Zulia, La Verdad, Versi\u00f3n Final, Panorama, Qu\u00e9 Pasa o la prensa nacional. Sus ediciones en papel desaparecieron al igual que en el interior de la Rep\u00fablica, donde en la \u00faltima d\u00e9cada dejaron de circular 110 medios impresos, muchos de ellos obligados a transferir su formato al periodismo digital.<\/p>\n\n\n\n<p>Solo en Caracas sobreviven algunos que tienen garantizado el suministro del papel. El Zulia ha sido cantera de buenos peri\u00f3dicos que fueron verdaderas escuelas de buen periodismo, desaparecidos ya finalizando el Siglo XX, entre ellos, Cr\u00edtica, El Vespertino y el diario metropolitano de Maracaibo, La Columna.<\/p>\n\n\n\n<p>As\u00ed como los medios impresos desaparecieron como parte de una pol\u00edtica de control social, no debido a sanciones econ\u00f3micas ni a bloqueos del imperialismo norteamericano, en la radiodifusi\u00f3n y la televisi\u00f3n la situaci\u00f3n no ha sido distinta.<\/p>\n\n\n\n<p>Conatel en los \u00faltimos a\u00f1os ha realizado una verdadera \u00abrazzia\u00bb en ambos campos de la comunicaci\u00f3n audiovisual, cerrando, confiscando y desmantelando estaciones de radio y televisi\u00f3n a lo largo del pa\u00eds.<\/p>\n\n\n\n<p>Cientos de miles de periodistas, reporteros gr\u00e1ficos, personal de talleres y artes gr\u00e1ficas, rotativa, laboratorio, administraci\u00f3n, ventas, choferes, seguridad, locutores, camar\u00f3grafos, asistentes, t\u00e9cnicos de control, transmisiones, microondas y otras \u00e1reas han visto perder sus puestos de trabajo desde la llegada del chavismo al poder en 1999.<\/p>\n\n\n\n<p>Ha sido una especie de vor\u00e1gine comunicacional muy bien pensada, planificada y ejecutada. En la llamada IV Rep\u00fablica cuando alg\u00fan bur\u00f3crata exced\u00eda sus funciones y atentaba contra la libertad de expresi\u00f3n, medios, CNP, SNTP, periodistas y una vocer\u00eda de dirigentes de la izquierda pegaban el grito al cielo.<\/p>\n\n\n\n<p>Sin embargo hoy los periodistas y, en general los venezolanos, no hemos visto de esos dirigentes cuestionamientos ante el exceso, cuando se ha cerrado un peri\u00f3dico, radio emisora, televisora, portal digital o reclamar, denunciar y protestar el drama familiar y social que significa el cierre de un medio de comunicaci\u00f3n, lanzando a la calle a padres, madres, solteros o no, a las filas del desempleo.<\/p>\n\n\n\n<p>En la arremetida de cierre de medios durante a\u00f1os no se salvaron ni los pregoneros que vend\u00edan la prensa escrita en kioskos y esquinas de las ciudades m\u00e1s importantes de Venezuela. Lamentablemente es s\u00f3lo una peque\u00f1a, muy m\u00ednima muestra, en un universo de atropellos y atentados contra el ejercicio profesional.<\/p>\n\n\n\n<p>Es de destacar que los periodistas, hombres y mujeres de carne y hueso, no estamos dentro de una burbuja ajenos a las vicisitudes que sufren o padecen otros profesionales universitarios o la poblaci\u00f3n en general. Los periodistas no somos seres especiales. Somos de carne y hueso.<\/p>\n\n\n\n<p>Nos apasiona la profesi\u00f3n en cada una de sus especialidades. Nos golpea la crisis econ\u00f3mica, censura, persecuci\u00f3n, malos sueldos y salarios, condiciones de vida, desempleo, carecemos de servicios m\u00e9dicos y tambi\u00e9n nos afecta la separaci\u00f3n familiar y los malos servicios p\u00fablicos.<\/p>\n\n\n\n<p>El CNP posee un registro actualizado que denuncia que desde enero a mayo de 2.025 ha habido 72 agresiones, intimidaciones, contra trabajadores y medios de comunicaci\u00f3n, donde, adem\u00e1s, est\u00e1 rese\u00f1ada la detenci\u00f3n de una veintena de periodistas, debidamente colegiados, entre los que figuran tres zulianos, se\u00f1alados de desestabilizadores, seg\u00fan ha denunciado el Colegio Nacional de Periodistas, CNP.<\/p>\n\n\n\n<p>Hoy decenas de periodistas est\u00e1n fuera del pa\u00eds. Unos por quedarse desempleados por el cierre de sus fuentes de trabajo en Venezuela. Otros, han salido en raz\u00f3n de haber recibido presiones o amenazas por ser inc\u00f3modos en su labor profesional.<\/p>\n\n\n\n<p>Tambi\u00e9n, desde afuera, hay algunos periodistas que asumen posiciones pol\u00edticas sin distinguir ni medir las consecuencias que debe pagar la gente adentro, cuando llaman a que &#8211;dr\u00e1sticamente y sin miramientos&#8211;, sean aplicadas sanciones econ\u00f3micas o insin\u00faan el desarrollo de teatros violentos entre la pugna de la geopol\u00edtica mundial en el territorio nacional para desalojar a quienes gobiernan Venezuela.<\/p>\n\n\n\n<p>Construyen, difunden o posicionan narrativas y ecuaciones mentales perversas, nada \u00e9ticas, sin demasiada diferencia con colegas rojos-rojito que callan y prefieren guardar silencio ante el deterioro del pa\u00eds y del periodismo venezolano.<\/p>\n\n\n\n<p>Por \u00faltimo rindo homenaje a colegas ausentes, grandes profesionales de la prensa escrita, radio, televisi\u00f3n, docencia, investigaci\u00f3n y relaciones p\u00fablicas, nacidos o no en el estado Zulia que adelantaron su viaje, pero dejaron sembrada una huella de excelente estilo profesional, llenos de calidad humana, afectiva y de una especial camarader\u00eda dif\u00edcil de echar al olvido.<\/p>\n\n\n\n<p>Entre otros, Sergio Antillano, Ignacio De La Cruz, Pipo Hern\u00e1ndez, Oswaldo Sotillo, Manolo Silva Machado, Elbano y Heberto Castro Pimentel, Francis Luther Blackman, Yadira M\u00e9ndez, Angel Medina, Rodolfo Arguello, Bladimiro Dur\u00e1n, Jos\u00e9 Sempr\u00fan, Pedro Fern\u00e1ndez, R\u00e9gulo L\u00f3pez, Elida Cuauro, Jos\u00e9 \u00abCheo\u00bb Gonz\u00e1lez, Francisco \u00abPaco\u00bb Zuleta, Giovanny Rany\u00f3n, Omer A\u00f1ez Ram\u00edrez, Luis Soto Toro, Heberto Camacho, Antonio Nu\u00f1ez Rovira y Andrea Nowotka.<\/p>\n\n\n\n<p>Asimismo, Jos\u00e9 D\u00edaz Jim\u00e9nez, Danilo Acosta, Leopoldo Rinc\u00f3n, Oscar Silva Araque, Rosario Rojas, Jorge Villalobos Hern\u00e1ndez, Jorge Viloria, Enrique Rodr\u00edguez Mota, Bernardo Medina, Luis Guillermo Cristalino, Pedro Soscum Machado, Fander Serrada, Pedro Mora, Nerio Ram\u00edrez Pern\u00eda, Jos\u00e9 Luis Zambrano, Jos\u00e9 Manuel Dopazo, Gerardo Oviedo, H\u00e9ctor Montiel, Samuel Alberto Gonz\u00e1lez, Yaneli Griselda Puerta, Heberto Jos\u00e9 Hern\u00e1ndez, Wolfgang Mart\u00ednez Ni\u00f1o, Alfredo Navarro Villasmil, Candelario Ferrer y Emilio Correa.<br>\u00a1Amanecer\u00e1 y Veremos!<br><strong><em>Por Jos\u00e9 Aranguibel Carrasco<br>Periodista y analista pol\u00edtico<\/em><\/strong><\/p>\n\n\n\n<p><\/p>\n","protected":false},"excerpt":{"rendered":"<p>\u00abEl que manda debe o\u00edr aunque sean las m\u00e1s duras verdades y, despu\u00e9s de o\u00eddas,&#8230;<\/p>\n","protected":false},"author":2,"featured_media":18437,"comment_status":"closed","ping_status":"open","sticky":false,"template":"","format":"standard","meta":{"footnotes":""},"categories":[50],"tags":[],"class_list":["post-18435","post","type-post","status-publish","format-standard","has-post-thumbnail","hentry","category-opinion"],"_links":{"self":[{"href":"https:\/\/entretormentas.com\/index.php?rest_route=\/wp\/v2\/posts\/18435","targetHints":{"allow":["GET"]}}],"collection":[{"href":"https:\/\/entretormentas.com\/index.php?rest_route=\/wp\/v2\/posts"}],"about":[{"href":"https:\/\/entretormentas.com\/index.php?rest_route=\/wp\/v2\/types\/post"}],"author":[{"embeddable":true,"href":"https:\/\/entretormentas.com\/index.php?rest_route=\/wp\/v2\/users\/2"}],"replies":[{"embeddable":true,"href":"https:\/\/entretormentas.com\/index.php?rest_route=%2Fwp%2Fv2%2Fcomments&post=18435"}],"version-history":[{"count":1,"href":"https:\/\/entretormentas.com\/index.php?rest_route=\/wp\/v2\/posts\/18435\/revisions"}],"predecessor-version":[{"id":18438,"href":"https:\/\/entretormentas.com\/index.php?rest_route=\/wp\/v2\/posts\/18435\/revisions\/18438"}],"wp:featuredmedia":[{"embeddable":true,"href":"https:\/\/entretormentas.com\/index.php?rest_route=\/wp\/v2\/media\/18437"}],"wp:attachment":[{"href":"https:\/\/entretormentas.com\/index.php?rest_route=%2Fwp%2Fv2%2Fmedia&parent=18435"}],"wp:term":[{"taxonomy":"category","embeddable":true,"href":"https:\/\/entretormentas.com\/index.php?rest_route=%2Fwp%2Fv2%2Fcategories&post=18435"},{"taxonomy":"post_tag","embeddable":true,"href":"https:\/\/entretormentas.com\/index.php?rest_route=%2Fwp%2Fv2%2Ftags&post=18435"}],"curies":[{"name":"wp","href":"https:\/\/api.w.org\/{rel}","templated":true}]}}