{"id":18439,"date":"2025-06-26T00:21:41","date_gmt":"2025-06-25T22:21:41","guid":{"rendered":"https:\/\/entretormentas.com\/?p=18439"},"modified":"2025-06-26T00:21:42","modified_gmt":"2025-06-25T22:21:42","slug":"gustavo-fernandez-el-futuro-de-este-pais-depende-de-la-decision-y-del-compromiso-de-la-juventud-venezolana","status":"publish","type":"post","link":"https:\/\/entretormentas.com\/gustavo-fernandez-el-futuro-de-este-pais-depende-de-la-decision-y-del-compromiso-de-la-juventud-venezolana\/","title":{"rendered":"GUSTAVO FERN\u00c1NDEZ: \u00abEl futuro de este pa\u00eds depende de la decisi\u00f3n y del compromiso de la juventud venezolana\u00bb"},"content":{"rendered":"\n<p><strong>ENTRE TORMENTAS.<\/strong> En un acto realizado en la sede del partido pol\u00edtico Un Nuevo Tiempo (UNT) en San Francisco, el alcalde Gustavo Fern\u00e1ndez y candidato a la reelecci\u00f3n por el municipio sure\u00f1o, expres\u00f3 que \u00abel futuro de este pa\u00eds depende de la decisi\u00f3n y del compromiso de la juventud venezolana\u00bb, de su fuerza y de su \u00edmpetu.<\/p>\n\n\n\n<figure class=\"wp-block-image size-large\"><img fetchpriority=\"high\" decoding=\"async\" width=\"1024\" height=\"680\" src=\"https:\/\/entretormentas.com\/wp-content\/uploads\/2025\/06\/GFJOVENES2-1024x680.jpeg\" alt=\"\" class=\"wp-image-18440\" srcset=\"https:\/\/entretormentas.com\/wp-content\/uploads\/2025\/06\/GFJOVENES2-1024x680.jpeg 1024w, https:\/\/entretormentas.com\/wp-content\/uploads\/2025\/06\/GFJOVENES2-300x199.jpeg 300w, https:\/\/entretormentas.com\/wp-content\/uploads\/2025\/06\/GFJOVENES2-768x510.jpeg 768w, https:\/\/entretormentas.com\/wp-content\/uploads\/2025\/06\/GFJOVENES2.jpeg 1280w\" sizes=\"(max-width: 1024px) 100vw, 1024px\" \/><\/figure>\n\n\n\n<p>El titular municipal aprovech\u00f3 el encuentro para recordar que es necesario luchar por la generaci\u00f3n que la juventud representa. \u00abNosotros necesitamos la fuerza de la juventud, aqu\u00ed veo rostros de j\u00f3venes comprometidos con San Francisco, aqu\u00ed estamos acompa\u00f1\u00e1ndolos en la construcci\u00f3n del futuro\u00bb, resalt\u00f3.<\/p>\n\n\n\n<p>El alcalde Fern\u00e1ndez tambi\u00e9n felicit\u00f3 a todos los j\u00f3venes presentes en la actividad, ya que cuentan con una estructura pol\u00edtica muy bien organizada dentro del municipio San Francisco. \u00abEste acto de hoy ratifica la organizaci\u00f3n en el municipio, y este, es el camino al \u00e9xito\u00bb, subray\u00f3.<\/p>\n\n\n\n<figure class=\"wp-block-image size-large\"><img decoding=\"async\" width=\"1024\" height=\"680\" src=\"https:\/\/entretormentas.com\/wp-content\/uploads\/2025\/06\/GFJOVENES3-1024x680.jpeg\" alt=\"\" class=\"wp-image-18441\" srcset=\"https:\/\/entretormentas.com\/wp-content\/uploads\/2025\/06\/GFJOVENES3-1024x680.jpeg 1024w, https:\/\/entretormentas.com\/wp-content\/uploads\/2025\/06\/GFJOVENES3-300x199.jpeg 300w, https:\/\/entretormentas.com\/wp-content\/uploads\/2025\/06\/GFJOVENES3-768x510.jpeg 768w, https:\/\/entretormentas.com\/wp-content\/uploads\/2025\/06\/GFJOVENES3.jpeg 1280w\" sizes=\"(max-width: 1024px) 100vw, 1024px\" \/><\/figure>\n\n\n\n<p>Adem\u00e1s, Fern\u00e1ndez M\u00e9ndez afirm\u00f3 que el presente es el pr\u00f3ximo 27 de julio, en donde todos los ciudadanos est\u00e1n en el deber de ejercer su derecho al voto. \u00abTenemos una cita en la que vamos a demostrar con firmeza en las mesas de votaci\u00f3n, que San Francisco decidi\u00f3 jam\u00e1s volver al pasado\u00bb.<\/p>\n\n\n\n<p>Por \u00faltimo, el alcalde Gustavo Fern\u00e1ndez afirm\u00f3 que todo lo que est\u00e1 por ocurrir en San Francisco, est\u00e1 en las manos de los ciudadanos y de los j\u00f3venes electores. \u00abNo participar, no votar, no ejercer un derecho constitucional no es la salida\u00bb.<br><strong><em>ET \/ Nota de Prensa<\/em><\/strong><\/p>\n\n\n\n<p><\/p>\n","protected":false},"excerpt":{"rendered":"<p>ENTRE TORMENTAS. En un acto realizado en la sede del partido pol\u00edtico Un Nuevo Tiempo&#8230;<\/p>\n","protected":false},"author":2,"featured_media":18442,"comment_status":"closed","ping_status":"open","sticky":false,"template":"","format":"standard","meta":{"footnotes":""},"categories":[57,1],"tags":[],"class_list":["post-18439","post","type-post","status-publish","format-standard","has-post-thumbnail","hentry","category-actualidad","category-regionales"],"_links":{"self":[{"href":"https:\/\/entretormentas.com\/index.php?rest_route=\/wp\/v2\/posts\/18439","targetHints":{"allow":["GET"]}}],"collection":[{"href":"https:\/\/entretormentas.com\/index.php?rest_route=\/wp\/v2\/posts"}],"about":[{"href":"https:\/\/entretormentas.com\/index.php?rest_route=\/wp\/v2\/types\/post"}],"author":[{"embeddable":true,"href":"https:\/\/entretormentas.com\/index.php?rest_route=\/wp\/v2\/users\/2"}],"replies":[{"embeddable":true,"href":"https:\/\/entretormentas.com\/index.php?rest_route=%2Fwp%2Fv2%2Fcomments&post=18439"}],"version-history":[{"count":1,"href":"https:\/\/entretormentas.com\/index.php?rest_route=\/wp\/v2\/posts\/18439\/revisions"}],"predecessor-version":[{"id":18443,"href":"https:\/\/entretormentas.com\/index.php?rest_route=\/wp\/v2\/posts\/18439\/revisions\/18443"}],"wp:featuredmedia":[{"embeddable":true,"href":"https:\/\/entretormentas.com\/index.php?rest_route=\/wp\/v2\/media\/18442"}],"wp:attachment":[{"href":"https:\/\/entretormentas.com\/index.php?rest_route=%2Fwp%2Fv2%2Fmedia&parent=18439"}],"wp:term":[{"taxonomy":"category","embeddable":true,"href":"https:\/\/entretormentas.com\/index.php?rest_route=%2Fwp%2Fv2%2Fcategories&post=18439"},{"taxonomy":"post_tag","embeddable":true,"href":"https:\/\/entretormentas.com\/index.php?rest_route=%2Fwp%2Fv2%2Ftags&post=18439"}],"curies":[{"name":"wp","href":"https:\/\/api.w.org\/{rel}","templated":true}]}}