{"id":18459,"date":"2025-06-26T00:44:00","date_gmt":"2025-06-25T22:44:00","guid":{"rendered":"https:\/\/entretormentas.com\/?p=18459"},"modified":"2025-06-26T00:44:01","modified_gmt":"2025-06-25T22:44:01","slug":"gustavo-fernandez-estamos-llevando-el-mensaje-de-participar-el-27-de-julio-en-el-proceso-electoral","status":"publish","type":"post","link":"https:\/\/entretormentas.com\/gustavo-fernandez-estamos-llevando-el-mensaje-de-participar-el-27-de-julio-en-el-proceso-electoral\/","title":{"rendered":"GUSTAVO FERN\u00c1NDEZ: \u00abEstamos llevando el mensaje de participar el 27 de julio en el proceso electoral\u00bb"},"content":{"rendered":"\n<p><strong>ENTRE TORMENTAS. <\/strong>En horas de la ma\u00f1ana de este mi\u00e9rcoles, el alcalde del municipio San Francisco y candidato a la reelecci\u00f3n, fij\u00f3 posici\u00f3n en el programa televisivo Zulia en Caliente, sobre las pr\u00f3ximas elecciones municipales a celebrarse este 27 de julio.<\/p>\n\n\n\n<figure class=\"wp-block-image size-large\"><img fetchpriority=\"high\" decoding=\"async\" width=\"1024\" height=\"768\" src=\"https:\/\/entretormentas.com\/wp-content\/uploads\/2025\/06\/ZULIACALIENTE3-1024x768.jpeg\" alt=\"\" class=\"wp-image-18460\" srcset=\"https:\/\/entretormentas.com\/wp-content\/uploads\/2025\/06\/ZULIACALIENTE3-1024x768.jpeg 1024w, https:\/\/entretormentas.com\/wp-content\/uploads\/2025\/06\/ZULIACALIENTE3-300x225.jpeg 300w, https:\/\/entretormentas.com\/wp-content\/uploads\/2025\/06\/ZULIACALIENTE3-768x576.jpeg 768w, https:\/\/entretormentas.com\/wp-content\/uploads\/2025\/06\/ZULIACALIENTE3.jpeg 1280w\" sizes=\"(max-width: 1024px) 100vw, 1024px\" \/><\/figure>\n\n\n\n<p>\u00abNo hay enemigos chiquitos, toca hacer lo necesario para llegar a los diferentes sectores de San Francisco, estamos llevando el mensaje de participar el 27 de julio en el proceso electoral, un mensaje de optimismo confianza y compromiso, mientras que del otro lado hagan lo suyo\u00bb, precis\u00f3 Fern\u00e1ndez.<\/p>\n\n\n\n<p>Con respecto a otras candidaturas que han surjido para la alcald\u00eda de San Francisco, el titular municipal manifest\u00f3 que son candidaturas folkl\u00f3ricas. \u00abEn el fondo saben que no tienen ninguna posibilidad, ellos saben muy bien que hay una polarizaci\u00f3n y es que solo se reconocen dos candidatos: el del chavismo y el de la oposici\u00f3n que es Gustavo Fern\u00e1ndez\u201d, resalt\u00f3.<\/p>\n\n\n\n<figure class=\"wp-block-image size-large\"><img decoding=\"async\" width=\"1024\" height=\"768\" src=\"https:\/\/entretormentas.com\/wp-content\/uploads\/2025\/06\/ZULIACALIENTE2-1024x768.jpeg\" alt=\"\" class=\"wp-image-18461\" srcset=\"https:\/\/entretormentas.com\/wp-content\/uploads\/2025\/06\/ZULIACALIENTE2-1024x768.jpeg 1024w, https:\/\/entretormentas.com\/wp-content\/uploads\/2025\/06\/ZULIACALIENTE2-300x225.jpeg 300w, https:\/\/entretormentas.com\/wp-content\/uploads\/2025\/06\/ZULIACALIENTE2-768x576.jpeg 768w, https:\/\/entretormentas.com\/wp-content\/uploads\/2025\/06\/ZULIACALIENTE2.jpeg 1280w\" sizes=\"(max-width: 1024px) 100vw, 1024px\" \/><\/figure>\n\n\n\n<p>Referente a la campa\u00f1a pol\u00edtica Fern\u00e1ndez indic\u00f3 que el equipo de trabajo se encuentra activo. \u00abEstamos cara a cara, yendo a los barrios, como el recorrido que se hizo en la urbanizaci\u00f3n La Popular, en la parroquia Domitila Flores, sinti\u00e9ndose de manera impresionante el nivel de afecto mostrado por los ciudadanos, tenemos que hacerles entender la importancia de participar, ya que votar es un derecho que debemos ejercer.<\/p>\n\n\n\n<p>Por \u00faltimo, Fern\u00e1ndez precis\u00f3 que sostuvo una conversaci\u00f3n con el actual gobernador, Luis Caldera, para que indistintamente de las diferencias ideol\u00f3gicas y pol\u00edticas, trabajen en conjunto por el municipio. Asimismo dijo haber recibido una llamada del Gobernador para tratar el tema de la recolecci\u00f3n de desechos s\u00f3lidos, a la vez que se interes\u00f3 en saber en qu\u00e9 pod\u00eda ayudar en San Francisco.<br><strong><em>ET \/ Nota de Prensa<\/em><\/strong><\/p>\n","protected":false},"excerpt":{"rendered":"<p>ENTRE TORMENTAS. En horas de la ma\u00f1ana de este mi\u00e9rcoles, el alcalde del municipio San&#8230;<\/p>\n","protected":false},"author":2,"featured_media":18462,"comment_status":"closed","ping_status":"open","sticky":false,"template":"","format":"standard","meta":{"footnotes":""},"categories":[57,1],"tags":[],"class_list":["post-18459","post","type-post","status-publish","format-standard","has-post-thumbnail","hentry","category-actualidad","category-regionales"],"_links":{"self":[{"href":"https:\/\/entretormentas.com\/index.php?rest_route=\/wp\/v2\/posts\/18459","targetHints":{"allow":["GET"]}}],"collection":[{"href":"https:\/\/entretormentas.com\/index.php?rest_route=\/wp\/v2\/posts"}],"about":[{"href":"https:\/\/entretormentas.com\/index.php?rest_route=\/wp\/v2\/types\/post"}],"author":[{"embeddable":true,"href":"https:\/\/entretormentas.com\/index.php?rest_route=\/wp\/v2\/users\/2"}],"replies":[{"embeddable":true,"href":"https:\/\/entretormentas.com\/index.php?rest_route=%2Fwp%2Fv2%2Fcomments&post=18459"}],"version-history":[{"count":1,"href":"https:\/\/entretormentas.com\/index.php?rest_route=\/wp\/v2\/posts\/18459\/revisions"}],"predecessor-version":[{"id":18463,"href":"https:\/\/entretormentas.com\/index.php?rest_route=\/wp\/v2\/posts\/18459\/revisions\/18463"}],"wp:featuredmedia":[{"embeddable":true,"href":"https:\/\/entretormentas.com\/index.php?rest_route=\/wp\/v2\/media\/18462"}],"wp:attachment":[{"href":"https:\/\/entretormentas.com\/index.php?rest_route=%2Fwp%2Fv2%2Fmedia&parent=18459"}],"wp:term":[{"taxonomy":"category","embeddable":true,"href":"https:\/\/entretormentas.com\/index.php?rest_route=%2Fwp%2Fv2%2Fcategories&post=18459"},{"taxonomy":"post_tag","embeddable":true,"href":"https:\/\/entretormentas.com\/index.php?rest_route=%2Fwp%2Fv2%2Ftags&post=18459"}],"curies":[{"name":"wp","href":"https:\/\/api.w.org\/{rel}","templated":true}]}}