{"id":18469,"date":"2025-06-26T00:58:42","date_gmt":"2025-06-25T22:58:42","guid":{"rendered":"https:\/\/entretormentas.com\/?p=18469"},"modified":"2025-06-26T00:58:43","modified_gmt":"2025-06-25T22:58:43","slug":"a-las-500-pm-en-lago-mall-imdeprec-celebra-este-26-jun-la-quinta-edicion-del-maracaibo-fitness","status":"publish","type":"post","link":"https:\/\/entretormentas.com\/a-las-500-pm-en-lago-mall-imdeprec-celebra-este-26-jun-la-quinta-edicion-del-maracaibo-fitness\/","title":{"rendered":"\u00a1A LAS 5:00 PM EN LAGO MALL! IMDEPREC celebra este 26-Jun la quinta edici\u00f3n del Maracaibo Fitness"},"content":{"rendered":"\n<p><strong>ENTRE TORMENTAS.<\/strong> La Alcald\u00eda de Maracaibo a trav\u00e9s del Instituto Municipal del Deporte y la Recreaci\u00f3n (IMDEPREC) tiene todo listo para la celebraci\u00f3n de la quinta edici\u00f3n del Maracaibo Fitness, actividad que desde agosto de 2023 promueve una vida saludable con el ejercicio.<\/p>\n\n\n\n<p>La municipalidad invita a la colectividad a sumarse a esta actividad que se realizar\u00e1 este jueves 26 de junio desde las 5:00 de la tarde en las instalaciones del centro comercial Lago Mall, espec\u00edficamente en el \u00e1rea de las palmeras.<\/p>\n\n\n\n<figure class=\"wp-block-image size-large\"><img fetchpriority=\"high\" decoding=\"async\" width=\"1024\" height=\"576\" src=\"https:\/\/entretormentas.com\/wp-content\/uploads\/2025\/06\/FITNES2-1024x576.jpeg\" alt=\"\" class=\"wp-image-18470\" srcset=\"https:\/\/entretormentas.com\/wp-content\/uploads\/2025\/06\/FITNES2-1024x576.jpeg 1024w, https:\/\/entretormentas.com\/wp-content\/uploads\/2025\/06\/FITNES2-300x169.jpeg 300w, https:\/\/entretormentas.com\/wp-content\/uploads\/2025\/06\/FITNES2-768x432.jpeg 768w, https:\/\/entretormentas.com\/wp-content\/uploads\/2025\/06\/FITNES2.jpeg 1280w\" sizes=\"(max-width: 1024px) 100vw, 1024px\" \/><\/figure>\n\n\n\n<p>Wilinton Argote, presidente del IMDEPREC, indic\u00f3 que nuevamente abren este espacio de encuentro para dar la oportunidad a los marabinos de cuidar y proteger la salud por medio de la actividad f\u00edsica.<\/p>\n\n\n\n<p>Detall\u00f3 que ser\u00e1n varias las exhibiciones, competencias entre teams de bailes, demostraciones de Fitcombat y shows en tarima con instructores e invitados especiales.<\/p>\n\n\n\n<p>El llamado es a participar en esta nueva edici\u00f3n que como las cuatro anteriores dejar\u00e1 resultados positivos en cientos de marabinos.<br><strong><em>ET \/ DCI Alcald\u00eda de Maracaibo<\/em><\/strong><\/p>\n\n\n\n<p><\/p>\n","protected":false},"excerpt":{"rendered":"<p>ENTRE TORMENTAS. La Alcald\u00eda de Maracaibo a trav\u00e9s del Instituto Municipal del Deporte y la&#8230;<\/p>\n","protected":false},"author":2,"featured_media":18471,"comment_status":"closed","ping_status":"open","sticky":false,"template":"","format":"standard","meta":{"footnotes":""},"categories":[53],"tags":[],"class_list":["post-18469","post","type-post","status-publish","format-standard","has-post-thumbnail","hentry","category-deportes"],"_links":{"self":[{"href":"https:\/\/entretormentas.com\/index.php?rest_route=\/wp\/v2\/posts\/18469","targetHints":{"allow":["GET"]}}],"collection":[{"href":"https:\/\/entretormentas.com\/index.php?rest_route=\/wp\/v2\/posts"}],"about":[{"href":"https:\/\/entretormentas.com\/index.php?rest_route=\/wp\/v2\/types\/post"}],"author":[{"embeddable":true,"href":"https:\/\/entretormentas.com\/index.php?rest_route=\/wp\/v2\/users\/2"}],"replies":[{"embeddable":true,"href":"https:\/\/entretormentas.com\/index.php?rest_route=%2Fwp%2Fv2%2Fcomments&post=18469"}],"version-history":[{"count":1,"href":"https:\/\/entretormentas.com\/index.php?rest_route=\/wp\/v2\/posts\/18469\/revisions"}],"predecessor-version":[{"id":18472,"href":"https:\/\/entretormentas.com\/index.php?rest_route=\/wp\/v2\/posts\/18469\/revisions\/18472"}],"wp:featuredmedia":[{"embeddable":true,"href":"https:\/\/entretormentas.com\/index.php?rest_route=\/wp\/v2\/media\/18471"}],"wp:attachment":[{"href":"https:\/\/entretormentas.com\/index.php?rest_route=%2Fwp%2Fv2%2Fmedia&parent=18469"}],"wp:term":[{"taxonomy":"category","embeddable":true,"href":"https:\/\/entretormentas.com\/index.php?rest_route=%2Fwp%2Fv2%2Fcategories&post=18469"},{"taxonomy":"post_tag","embeddable":true,"href":"https:\/\/entretormentas.com\/index.php?rest_route=%2Fwp%2Fv2%2Ftags&post=18469"}],"curies":[{"name":"wp","href":"https:\/\/api.w.org\/{rel}","templated":true}]}}