{"id":18476,"date":"2025-06-26T01:34:11","date_gmt":"2025-06-25T23:34:11","guid":{"rendered":"https:\/\/entretormentas.com\/?p=18476"},"modified":"2025-06-26T01:34:12","modified_gmt":"2025-06-25T23:34:12","slug":"respuesta-gobierno-activa-atencion-inmediata-en-tres-estados-por-fuertes-lluvias","status":"publish","type":"post","link":"https:\/\/entretormentas.com\/respuesta-gobierno-activa-atencion-inmediata-en-tres-estados-por-fuertes-lluvias\/","title":{"rendered":"\u00a1RESPUESTA! Gobierno activa atenci\u00f3n inmediata en tres estados por fuertes lluvias"},"content":{"rendered":"\n<p><strong>ENTRE TORMENTAS.<\/strong> El Gobierno nacional orden\u00f3 la atenci\u00f3n inmediata en los estados M\u00e9rida, Barinas y Trujillo ante las fuertes lluvias que se han registrado en las \u00faltimas 24 horas, inform\u00f3 el ministro de Transporte, Ram\u00f3n Vel\u00e1squez Araguay\u00e1n.<\/p>\n\n\n\n<figure class=\"wp-block-image size-full\"><img fetchpriority=\"high\" decoding=\"async\" width=\"1024\" height=\"618\" src=\"https:\/\/entretormentas.com\/wp-content\/uploads\/2025\/06\/LLUVIAS2.jpeg\" alt=\"\" class=\"wp-image-18477\" srcset=\"https:\/\/entretormentas.com\/wp-content\/uploads\/2025\/06\/LLUVIAS2.jpeg 1024w, https:\/\/entretormentas.com\/wp-content\/uploads\/2025\/06\/LLUVIAS2-300x181.jpeg 300w, https:\/\/entretormentas.com\/wp-content\/uploads\/2025\/06\/LLUVIAS2-768x464.jpeg 768w\" sizes=\"(max-width: 1024px) 100vw, 1024px\" \/><\/figure>\n\n\n\n<p>A trav\u00e9s de Instagram, Vel\u00e1squez Araguay\u00e1n indic\u00f3 que \u00abse reportan afectaciones en la vialidad\u00bb, sin precisar cu\u00e1les, por lo que se orden\u00f3 la atenci\u00f3n inmediata en los tres estados.<\/p>\n\n\n\n<figure class=\"wp-block-image size-full\"><img decoding=\"async\" width=\"840\" height=\"519\" src=\"https:\/\/entretormentas.com\/wp-content\/uploads\/2025\/06\/LLUVIAS3.jpeg\" alt=\"\" class=\"wp-image-18478\" srcset=\"https:\/\/entretormentas.com\/wp-content\/uploads\/2025\/06\/LLUVIAS3.jpeg 840w, https:\/\/entretormentas.com\/wp-content\/uploads\/2025\/06\/LLUVIAS3-300x185.jpeg 300w, https:\/\/entretormentas.com\/wp-content\/uploads\/2025\/06\/LLUVIAS3-768x475.jpeg 768w\" sizes=\"(max-width: 840px) 100vw, 840px\" \/><\/figure>\n\n\n\n<p>\u00abEn estos momentos, nuestros equipos y maquinarias se movilizan para la recuperaci\u00f3n de la transitabilidad en las localidades afectadas, una vez las condiciones clim\u00e1ticas nos permitan culminar con las labores\u00bb, agreg\u00f3 el funcionario, sin dar m\u00e1s detalles.<\/p>\n\n\n\n<figure class=\"wp-block-image size-full\"><img decoding=\"async\" width=\"1024\" height=\"946\" src=\"https:\/\/entretormentas.com\/wp-content\/uploads\/2025\/06\/LLUVIAS4.jpeg\" alt=\"\" class=\"wp-image-18479\" srcset=\"https:\/\/entretormentas.com\/wp-content\/uploads\/2025\/06\/LLUVIAS4.jpeg 1024w, https:\/\/entretormentas.com\/wp-content\/uploads\/2025\/06\/LLUVIAS4-300x277.jpeg 300w, https:\/\/entretormentas.com\/wp-content\/uploads\/2025\/06\/LLUVIAS4-768x710.jpeg 768w\" sizes=\"(max-width: 1024px) 100vw, 1024px\" \/><\/figure>\n\n\n\n<p><strong>Situaciones de emergencia<\/strong><br>El gobernador de Trujillo, Gerardo M\u00e1rquez, inform\u00f3 al canal estatal Venezolana de Televisi\u00f3n que las lluvias han generado \u00abalgunas situaciones de emergencia\u00bb -ya controladas, seg\u00fan dijo- en cuatro municipios del estado, los m\u00e1s afectados fueron Bocon\u00f3 y Campo El\u00edas.<\/p>\n\n\n\n<figure class=\"wp-block-image size-full\"><img loading=\"lazy\" decoding=\"async\" width=\"1024\" height=\"628\" src=\"https:\/\/entretormentas.com\/wp-content\/uploads\/2025\/06\/LLUVIAS5.jpeg\" alt=\"\" class=\"wp-image-18480\" srcset=\"https:\/\/entretormentas.com\/wp-content\/uploads\/2025\/06\/LLUVIAS5.jpeg 1024w, https:\/\/entretormentas.com\/wp-content\/uploads\/2025\/06\/LLUVIAS5-300x184.jpeg 300w, https:\/\/entretormentas.com\/wp-content\/uploads\/2025\/06\/LLUVIAS5-768x471.jpeg 768w\" sizes=\"(max-width: 1024px) 100vw, 1024px\" \/><\/figure>\n\n\n\n<p>Asimismo, confirm\u00f3 que \u00abhay da\u00f1os materiales\u00bb como fallas de borde y deslizamientos (de tierra) que obstruyen las v\u00edas.<\/p>\n\n\n\n<p>Por su parte, el gobernador de M\u00e9rida, Arnaldo S\u00e1nchez, report\u00f3 en su cuenta de Instagram que Protecci\u00f3n Civil, bomberos y otros funcionarios se encuentran atendiendo las emergencias por lluvias, que han afectado, seg\u00fan dijo, al menos ocho municipios, sin dar mayores detalles.<br><strong><em>ET \/ EFE<\/em><\/strong><\/p>\n","protected":false},"excerpt":{"rendered":"<p>ENTRE TORMENTAS. El Gobierno nacional orden\u00f3 la atenci\u00f3n inmediata en los estados M\u00e9rida, Barinas y&#8230;<\/p>\n","protected":false},"author":2,"featured_media":18481,"comment_status":"closed","ping_status":"open","sticky":false,"template":"","format":"standard","meta":{"footnotes":""},"categories":[56,49],"tags":[],"class_list":["post-18476","post","type-post","status-publish","format-standard","has-post-thumbnail","hentry","category-destacadas","category-nacionales"],"_links":{"self":[{"href":"https:\/\/entretormentas.com\/index.php?rest_route=\/wp\/v2\/posts\/18476","targetHints":{"allow":["GET"]}}],"collection":[{"href":"https:\/\/entretormentas.com\/index.php?rest_route=\/wp\/v2\/posts"}],"about":[{"href":"https:\/\/entretormentas.com\/index.php?rest_route=\/wp\/v2\/types\/post"}],"author":[{"embeddable":true,"href":"https:\/\/entretormentas.com\/index.php?rest_route=\/wp\/v2\/users\/2"}],"replies":[{"embeddable":true,"href":"https:\/\/entretormentas.com\/index.php?rest_route=%2Fwp%2Fv2%2Fcomments&post=18476"}],"version-history":[{"count":1,"href":"https:\/\/entretormentas.com\/index.php?rest_route=\/wp\/v2\/posts\/18476\/revisions"}],"predecessor-version":[{"id":18482,"href":"https:\/\/entretormentas.com\/index.php?rest_route=\/wp\/v2\/posts\/18476\/revisions\/18482"}],"wp:featuredmedia":[{"embeddable":true,"href":"https:\/\/entretormentas.com\/index.php?rest_route=\/wp\/v2\/media\/18481"}],"wp:attachment":[{"href":"https:\/\/entretormentas.com\/index.php?rest_route=%2Fwp%2Fv2%2Fmedia&parent=18476"}],"wp:term":[{"taxonomy":"category","embeddable":true,"href":"https:\/\/entretormentas.com\/index.php?rest_route=%2Fwp%2Fv2%2Fcategories&post=18476"},{"taxonomy":"post_tag","embeddable":true,"href":"https:\/\/entretormentas.com\/index.php?rest_route=%2Fwp%2Fv2%2Ftags&post=18476"}],"curies":[{"name":"wp","href":"https:\/\/api.w.org\/{rel}","templated":true}]}}