{"id":18503,"date":"2025-06-27T10:45:53","date_gmt":"2025-06-27T08:45:53","guid":{"rendered":"https:\/\/entretormentas.com\/?p=18503"},"modified":"2025-06-27T10:45:54","modified_gmt":"2025-06-27T08:45:54","slug":"por-unanimidad-consejo-legislativo-designa-al-procurador-general-del-estado-zulia","status":"publish","type":"post","link":"https:\/\/entretormentas.com\/por-unanimidad-consejo-legislativo-designa-al-procurador-general-del-estado-zulia\/","title":{"rendered":"\u00a1POR UNANIMIDAD! \u200eConsejo Legislativo designa al Procurador General del estado Zulia"},"content":{"rendered":"\n<p><br><strong>ENTRE TORMENTAS.<\/strong> En sesi\u00f3n ordinaria realizada este jueves 26 de junio,\u00a0 presidida por Magdely Valbuena,\u00a0y de conformidad con lo dispuesto en el art\u00edculo N\u00ba 78 numeral 9 de la Constituci\u00f3n del estado Zulia, el Consejo Legislativo design\u00f3 de manera un\u00e1nime al abogado \u00c1ngel Francisco Paz Castillo, como Procurador General del estado Zulia, suscrito por el gobernador de la entidad Luis Caldera.<br>\u200e<br>\u200eLa presidenta del Parlamento zuliano, Magdely Valbuena, resalt\u00f3 en sus palabras, la destacada e importante carrera en el \u00e1mbito pol\u00edtico, social y educativo del fil\u00f3sofo y abogado \u00c1ngel Paz, nuevo procurador de la regi\u00f3n.<\/p>\n\n\n\n<figure class=\"wp-block-image size-large\"><img fetchpriority=\"high\" decoding=\"async\" width=\"1024\" height=\"768\" src=\"https:\/\/entretormentas.com\/wp-content\/uploads\/2025\/06\/procura2-1024x768.jpeg\" alt=\"\" class=\"wp-image-18504\" srcset=\"https:\/\/entretormentas.com\/wp-content\/uploads\/2025\/06\/procura2-1024x768.jpeg 1024w, https:\/\/entretormentas.com\/wp-content\/uploads\/2025\/06\/procura2-300x225.jpeg 300w, https:\/\/entretormentas.com\/wp-content\/uploads\/2025\/06\/procura2-768x576.jpeg 768w, https:\/\/entretormentas.com\/wp-content\/uploads\/2025\/06\/procura2.jpeg 1080w\" sizes=\"(max-width: 1024px) 100vw, 1024px\" \/><\/figure>\n\n\n\n<p><br>En esta sesi\u00f3n fue presentado un proyecto de acuerdo sobre la paz y contra la guerra, por parte del legislador Jos\u00e9 Sierra, presidente de la Comisi\u00f3n del Poder Popular para la Participaci\u00f3n, Pol\u00edtica y Derechos Humanos.<br>\u200e<br>\u200eDicho proyecto de acuerdo dirigido en defensa de la paz\u00a0 y rechazo contra la guerra, elevado en el orden del d\u00eda, fue discutido por los legisladores y legisladoras presentes en la jornada parlamentaria, exponiendo sus propuestas.<br>\u200e<br>\u200e\u00bbSiendo solidarios con el pueblo de Ir\u00e1n quienes se solidarizaron con nuestro pa\u00eds en los momentos m\u00e1s dif\u00edciles, todos juntos debemos aprobar este proyecto y difundirlo por todo el estado y el territorio nacional, para dar a conocer que este parlamento es garante de la paz y de la solidaridad de la Rep\u00fablica Bolivariana de Venezuela con el mundo\u00bb, expres\u00f3 el legislador Sierra en su intervenci\u00f3n.<\/p>\n\n\n\n<figure class=\"wp-block-image size-large\"><img decoding=\"async\" width=\"1024\" height=\"768\" src=\"https:\/\/entretormentas.com\/wp-content\/uploads\/2025\/06\/procura3-1024x768.jpeg\" alt=\"\" class=\"wp-image-18505\" srcset=\"https:\/\/entretormentas.com\/wp-content\/uploads\/2025\/06\/procura3-1024x768.jpeg 1024w, https:\/\/entretormentas.com\/wp-content\/uploads\/2025\/06\/procura3-300x225.jpeg 300w, https:\/\/entretormentas.com\/wp-content\/uploads\/2025\/06\/procura3-768x576.jpeg 768w, https:\/\/entretormentas.com\/wp-content\/uploads\/2025\/06\/procura3.jpeg 1080w\" sizes=\"(max-width: 1024px) 100vw, 1024px\" \/><\/figure>\n\n\n\n<p>Los legisladores Magdely Valbuena, Egda Vilchez, Alberto Hern\u00e1ndez, Heberth Ch\u00e1vez, Edgar Ant\u00fanez e Iraida Villasmil tambi\u00e9n tomaron el derecho de palabra, ante lo cual se acord\u00f3 crear una comisi\u00f3n especial propuesta por la Presidenta del Parlamento regional\u00a0 y aprobada por unanimidad, para recoger los planteamientos de los principios expuestos en el proyecto del acuerdo.<br>\u200e<br>\u200eLa referida comisi\u00f3n estar\u00e1 encabezada por el legislador Jos\u00e9 Sierra e integrada por los parlamentarios Alberto Hern\u00e1ndez e Iraida Villasmil.<br><strong><em>\u200eET \/ Prensa Clezulia<\/em><\/strong><\/p>\n","protected":false},"excerpt":{"rendered":"<p>ENTRE TORMENTAS. En sesi\u00f3n ordinaria realizada este jueves 26 de junio,\u00a0 presidida por Magdely Valbuena,\u00a0y&#8230;<\/p>\n","protected":false},"author":2,"featured_media":18506,"comment_status":"closed","ping_status":"open","sticky":false,"template":"","format":"standard","meta":{"footnotes":""},"categories":[1],"tags":[],"class_list":["post-18503","post","type-post","status-publish","format-standard","has-post-thumbnail","hentry","category-regionales"],"_links":{"self":[{"href":"https:\/\/entretormentas.com\/index.php?rest_route=\/wp\/v2\/posts\/18503","targetHints":{"allow":["GET"]}}],"collection":[{"href":"https:\/\/entretormentas.com\/index.php?rest_route=\/wp\/v2\/posts"}],"about":[{"href":"https:\/\/entretormentas.com\/index.php?rest_route=\/wp\/v2\/types\/post"}],"author":[{"embeddable":true,"href":"https:\/\/entretormentas.com\/index.php?rest_route=\/wp\/v2\/users\/2"}],"replies":[{"embeddable":true,"href":"https:\/\/entretormentas.com\/index.php?rest_route=%2Fwp%2Fv2%2Fcomments&post=18503"}],"version-history":[{"count":1,"href":"https:\/\/entretormentas.com\/index.php?rest_route=\/wp\/v2\/posts\/18503\/revisions"}],"predecessor-version":[{"id":18507,"href":"https:\/\/entretormentas.com\/index.php?rest_route=\/wp\/v2\/posts\/18503\/revisions\/18507"}],"wp:featuredmedia":[{"embeddable":true,"href":"https:\/\/entretormentas.com\/index.php?rest_route=\/wp\/v2\/media\/18506"}],"wp:attachment":[{"href":"https:\/\/entretormentas.com\/index.php?rest_route=%2Fwp%2Fv2%2Fmedia&parent=18503"}],"wp:term":[{"taxonomy":"category","embeddable":true,"href":"https:\/\/entretormentas.com\/index.php?rest_route=%2Fwp%2Fv2%2Fcategories&post=18503"},{"taxonomy":"post_tag","embeddable":true,"href":"https:\/\/entretormentas.com\/index.php?rest_route=%2Fwp%2Fv2%2Ftags&post=18503"}],"curies":[{"name":"wp","href":"https:\/\/api.w.org\/{rel}","templated":true}]}}