{"id":18508,"date":"2025-06-27T10:49:44","date_gmt":"2025-06-27T08:49:44","guid":{"rendered":"https:\/\/entretormentas.com\/?p=18508"},"modified":"2025-06-27T10:49:44","modified_gmt":"2025-06-27T08:49:44","slug":"iniciativa-de-gustavo-fernandez-alcaldia-de-san-francisco-realiza-jornada-gratuita-de-anticonceptivos-subdermicos","status":"publish","type":"post","link":"https:\/\/entretormentas.com\/iniciativa-de-gustavo-fernandez-alcaldia-de-san-francisco-realiza-jornada-gratuita-de-anticonceptivos-subdermicos\/","title":{"rendered":"\u00a1INICIATIVA DE GUSTAVO FERN\u00c1NDEZ! Alcald\u00eda de San Francisco realiza jornada gratuita de anticonceptivos subd\u00e9rmicos"},"content":{"rendered":"\n<p><strong>ENTRE TORMENTAS.<\/strong> Desde la parroquia Marcial Hern\u00e1ndez, la primera dama de San Francisco, Franciela N\u00fa\u00f1ez, encabez\u00f3 una nueva jornada gratuita de colocaci\u00f3n de implantes anticonceptivos. Iniciativa impulsada por la gesti\u00f3n de la primera autoridad municipal, Gustavo Fern\u00e1ndez, en coordinaci\u00f3n con el Instituto Municipal de Salud (Imsasur) y el Fondo de Poblaci\u00f3n de las Naciones Unidas (Unfpa).<\/p>\n\n\n\n<p>Con el objetivo de prevenir el embarazo precoz en San Francisco, el alcalde Gustavo Fern\u00e1ndez ha promovido, desde 2021, la consolidaci\u00f3n de esfuerzos conjuntos y la expansi\u00f3n de este tipo de iniciativas preventivas dirigidas a j\u00f3venes de 14 a 24 a\u00f1os, provenientes de los sectores m\u00e1s vulnerables, declar\u00f3 la primera dama del sur.<\/p>\n\n\n\n<figure class=\"wp-block-image size-large\"><img fetchpriority=\"high\" decoding=\"async\" width=\"1024\" height=\"768\" src=\"https:\/\/entretormentas.com\/wp-content\/uploads\/2025\/06\/antico2-1024x768.jpeg\" alt=\"\" class=\"wp-image-18509\" srcset=\"https:\/\/entretormentas.com\/wp-content\/uploads\/2025\/06\/antico2-1024x768.jpeg 1024w, https:\/\/entretormentas.com\/wp-content\/uploads\/2025\/06\/antico2-300x225.jpeg 300w, https:\/\/entretormentas.com\/wp-content\/uploads\/2025\/06\/antico2-768x576.jpeg 768w, https:\/\/entretormentas.com\/wp-content\/uploads\/2025\/06\/antico2.jpeg 1280w\" sizes=\"(max-width: 1024px) 100vw, 1024px\" \/><\/figure>\n\n\n\n<p>\u00abEstamos aqu\u00ed para apoyar y orientar a nuestra juventud. Desde que llegamos al sur, elegimos caminar a su lado: acompa\u00f1ando y brindando herramientas reales para prevenir el embarazo precoz. Ellas merecen tener acceso a estos espacios donde se sientan seguras, escuchadas y libres de decidir su propio destino\u00bb, afirm\u00f3 Franciela N\u00fa\u00f1ez de Fern\u00e1ndez.<\/p>\n\n\n\n<p>Juan Carlos Rangel, m\u00e9dico especialista, presidente de Imsasur y promotor de este programa de prevenci\u00f3n, explic\u00f3 que en esta oportunidad se colocaron cincuenta implantes subd\u00e9rmicos a j\u00f3venes del municipio San Francisco. \u00abCada mes realizamos cuatro jornadas como esta, lo que nos permite beneficiar a cerca de 200 mujeres mensualmente\u00bb, se\u00f1al\u00f3.<\/p>\n\n\n\n<p><strong>PROGRAMA INTEGRAL<\/strong><br>Como parte de la atenci\u00f3n integral que se brinda en San Francisco a los ciudadanos, la primera dama reiter\u00f3 que, para el alcalde Gustavo Fern\u00e1ndez, la salud es un derecho que no debe estar nunca condicionado por ning\u00fan inter\u00e9s. \u00abEn estos espacios de prevenci\u00f3n, los j\u00f3venes tambi\u00e9n tienen acceso a charlas informativas, asesor\u00edas, consulta ginecol\u00f3gica, estudios m\u00e9dicos y entrega de preservativos\u00bb, destac\u00f3.<\/p>\n\n\n\n<figure class=\"wp-block-image size-large\"><img decoding=\"async\" width=\"1024\" height=\"771\" src=\"https:\/\/entretormentas.com\/wp-content\/uploads\/2025\/06\/antico3-1024x771.jpeg\" alt=\"\" class=\"wp-image-18510\" srcset=\"https:\/\/entretormentas.com\/wp-content\/uploads\/2025\/06\/antico3-1024x771.jpeg 1024w, https:\/\/entretormentas.com\/wp-content\/uploads\/2025\/06\/antico3-300x226.jpeg 300w, https:\/\/entretormentas.com\/wp-content\/uploads\/2025\/06\/antico3-768x578.jpeg 768w, https:\/\/entretormentas.com\/wp-content\/uploads\/2025\/06\/antico3.jpeg 1280w\" sizes=\"(max-width: 1024px) 100vw, 1024px\" \/><\/figure>\n\n\n\n<p>Entre las adolescentes beneficiadas se encuentra \u00c1ngela Rodr\u00edguez, de 17 a\u00f1os, residente del sector Luis Aparicio, quien coment\u00f3: \u00abRecomiendo aprovechar este beneficio gratuito y cuidarnos a trav\u00e9s de este m\u00e9todo anticonceptivo para prevenir un embarazo a temprana edad. Debemos disfrutar nuestra juventud con responsabilidad.\u00bb<\/p>\n\n\n\n<p>\u00abMe enter\u00e9 de esta actividad por las redes sociales y vine a aprovechar este beneficio, porque soy estudiante de enfermer\u00eda y no cuento con los recursos econ\u00f3micos para colocarme este implante por mi cuenta\u00bb, rese\u00f1\u00f3 Valentina Hern\u00e1ndez, de 20 a\u00f1os.<\/p>\n\n\n\n<p>Antes de concluir la jornada de prevenci\u00f3n, N\u00fa\u00f1ez de Fern\u00e1ndez exhort\u00f3 a la comunidad a ser portavoces de las buenas noticias: \u00abInvitamos a nuestros vecinos a que multipliquen la informaci\u00f3n de este programa preventivo, para que nuevas pacientes tengan acceso a la colocaci\u00f3n de estos m\u00e9todos anticonceptivos. Queremos reducir a cero el embarazo antes de tiempo.\u00bb<br><strong><em>ET \/ Alcald\u00eda de San Francisco<\/em><\/strong><\/p>\n\n\n\n<p><\/p>\n","protected":false},"excerpt":{"rendered":"<p>ENTRE TORMENTAS. Desde la parroquia Marcial Hern\u00e1ndez, la primera dama de San Francisco, Franciela N\u00fa\u00f1ez,&#8230;<\/p>\n","protected":false},"author":2,"featured_media":18511,"comment_status":"closed","ping_status":"open","sticky":false,"template":"","format":"standard","meta":{"footnotes":""},"categories":[1],"tags":[],"class_list":["post-18508","post","type-post","status-publish","format-standard","has-post-thumbnail","hentry","category-regionales"],"_links":{"self":[{"href":"https:\/\/entretormentas.com\/index.php?rest_route=\/wp\/v2\/posts\/18508","targetHints":{"allow":["GET"]}}],"collection":[{"href":"https:\/\/entretormentas.com\/index.php?rest_route=\/wp\/v2\/posts"}],"about":[{"href":"https:\/\/entretormentas.com\/index.php?rest_route=\/wp\/v2\/types\/post"}],"author":[{"embeddable":true,"href":"https:\/\/entretormentas.com\/index.php?rest_route=\/wp\/v2\/users\/2"}],"replies":[{"embeddable":true,"href":"https:\/\/entretormentas.com\/index.php?rest_route=%2Fwp%2Fv2%2Fcomments&post=18508"}],"version-history":[{"count":1,"href":"https:\/\/entretormentas.com\/index.php?rest_route=\/wp\/v2\/posts\/18508\/revisions"}],"predecessor-version":[{"id":18512,"href":"https:\/\/entretormentas.com\/index.php?rest_route=\/wp\/v2\/posts\/18508\/revisions\/18512"}],"wp:featuredmedia":[{"embeddable":true,"href":"https:\/\/entretormentas.com\/index.php?rest_route=\/wp\/v2\/media\/18511"}],"wp:attachment":[{"href":"https:\/\/entretormentas.com\/index.php?rest_route=%2Fwp%2Fv2%2Fmedia&parent=18508"}],"wp:term":[{"taxonomy":"category","embeddable":true,"href":"https:\/\/entretormentas.com\/index.php?rest_route=%2Fwp%2Fv2%2Fcategories&post=18508"},{"taxonomy":"post_tag","embeddable":true,"href":"https:\/\/entretormentas.com\/index.php?rest_route=%2Fwp%2Fv2%2Ftags&post=18508"}],"curies":[{"name":"wp","href":"https:\/\/api.w.org\/{rel}","templated":true}]}}