{"id":18513,"date":"2025-06-27T10:54:26","date_gmt":"2025-06-27T08:54:26","guid":{"rendered":"https:\/\/entretormentas.com\/?p=18513"},"modified":"2025-06-27T10:54:26","modified_gmt":"2025-06-27T08:54:26","slug":"cuatro-lineas-de-accion-ely-ramon-atencio-presenta-su-plan-de-gobierno-para-el-periodo-2025-2029","status":"publish","type":"post","link":"https:\/\/entretormentas.com\/cuatro-lineas-de-accion-ely-ramon-atencio-presenta-su-plan-de-gobierno-para-el-periodo-2025-2029\/","title":{"rendered":"\u00a1CUATRO L\u00cdNEAS DE ACCI\u00d3N! Ely Ram\u00f3n Atencio presenta su Plan de Gobierno para el periodo 2025-2029"},"content":{"rendered":"\n<p><strong>ENTRE TORMENTAS.<\/strong> En un ambiente c\u00e1lido y acogedor fue presentado el nuevo Plan de Gobierno por el actual alcalde del municipio Rosario de Perij\u00e1 y adem\u00e1s candidato a la reelecci\u00f3n, Ely Ram\u00f3n Atencio, en las instalaciones de la cancha de usos m\u00faltiples del sector San Jos\u00e9 de la localidad perijanera.<\/p>\n\n\n\n<figure class=\"wp-block-image size-large\"><img fetchpriority=\"high\" decoding=\"async\" width=\"1024\" height=\"769\" src=\"https:\/\/entretormentas.com\/wp-content\/uploads\/2025\/06\/planely2-1024x769.jpeg\" alt=\"\" class=\"wp-image-18514\" srcset=\"https:\/\/entretormentas.com\/wp-content\/uploads\/2025\/06\/planely2-1024x769.jpeg 1024w, https:\/\/entretormentas.com\/wp-content\/uploads\/2025\/06\/planely2-300x225.jpeg 300w, https:\/\/entretormentas.com\/wp-content\/uploads\/2025\/06\/planely2-768x577.jpeg 768w, https:\/\/entretormentas.com\/wp-content\/uploads\/2025\/06\/planely2.jpeg 1280w\" sizes=\"(max-width: 1024px) 100vw, 1024px\" \/><\/figure>\n\n\n\n<p>De acuerdo a la ponencia, Atencio destac\u00f3 que enfocar\u00e1 su gesti\u00f3n en cuatro l\u00edneas de acci\u00f3n principales tales como:<br><strong>1- Desarrollo social y participaci\u00f3n ciudadana<\/strong><br>-Creaci\u00f3n de 1mil pensiones al adulto mayor \u00abEliseo Lozano\u00bb.<br>-Becas universitarias \u00abProfesor Dilio Guti\u00e9rrez\u00bb. La misma se encuentra en etapa de selecci\u00f3n para la entrega de la primera fase en los pr\u00f3ximos d\u00edas.<br>-Caminar Feliz<br>-Con alegr\u00eda a la escuela.<br>-Servicios m\u00e9dicos \u00abElsa Mora Ardilla\u00bb.<br>-Capilla velatoria comunitaria.<br>-Soporte y Sonrisa, caracterizado por los servicios odontol\u00f3gicos integrales como: limpieza dental, extracci\u00f3n de piezas y elaboraci\u00f3n de pr\u00f3tesis dentales.<br>-Ropero Escolar que consta de la venta de uniformes econ\u00f3micos.<\/p>\n\n\n\n<p><strong>2- Fortalecimiento de Institutos Municipales<\/strong><br>-En el \u00e1rea social determin\u00f3 la inserci\u00f3n de personas con discapacidad en el aparato productivo.<\/p>\n\n\n\n<p><strong>3- Servicios p\u00fablicos<\/strong><br>En el \u00e1mbito de los servicios p\u00fablicos enfatiz\u00f3 la coordinaci\u00f3n de acueductos y servicios de aguas, as\u00ed como la coordinaci\u00f3n de telecomunicaciones mediante convenio Alcald\u00eda- Cantv o cualquier otro proveedor de servicio de telefon\u00eda p\u00fablica y transmisi\u00f3n de datos.<br>-En el mismo orden de ideas resalt\u00f3 el programa acortando distancias para la educaci\u00f3n, el cual facilita el traslado de los j\u00f3venes hacia las diferentes casas de estudio, tanto en zonas urbanas como extra urbanas.<\/p>\n\n\n\n<p><strong>4- Infraestructura<\/strong><br>-Por su lado la creaci\u00f3n de una escuela t\u00e9cnica agropecuaria, la creaci\u00f3n de un parque tem\u00e1tico en el parque recreacional Ram\u00f3n Valbuena. Adem\u00e1s la continuaci\u00f3n de la instalaci\u00f3n de energ\u00edas fotovoltaicas para la producci\u00f3n agr\u00edcola, agua, viviendas, salud y educaci\u00f3n.<br>-Del mismo modo incluy\u00f3 la creaci\u00f3n de circuitos de seguridad con el uso de c\u00e1maras y sem\u00e1foros.<\/p>\n\n\n\n<figure class=\"wp-block-image size-large\"><img decoding=\"async\" width=\"1024\" height=\"769\" src=\"https:\/\/entretormentas.com\/wp-content\/uploads\/2025\/06\/planely3-1024x769.jpeg\" alt=\"\" class=\"wp-image-18515\" srcset=\"https:\/\/entretormentas.com\/wp-content\/uploads\/2025\/06\/planely3-1024x769.jpeg 1024w, https:\/\/entretormentas.com\/wp-content\/uploads\/2025\/06\/planely3-300x225.jpeg 300w, https:\/\/entretormentas.com\/wp-content\/uploads\/2025\/06\/planely3-768x577.jpeg 768w, https:\/\/entretormentas.com\/wp-content\/uploads\/2025\/06\/planely3.jpeg 1280w\" sizes=\"(max-width: 1024px) 100vw, 1024px\" \/><\/figure>\n\n\n\n<p>Mientras que en el \u00e1rea de desarrollo econ\u00f3mico e institucional expuso el procesamiento artesanal del merey y cacao (con la que busca establecer la \u00abruta del chocolate\u00bb). De igual modo anunci\u00f3 la recuperaci\u00f3n de cuencas hidrogr\u00e1ficas, la consolidaci\u00f3n del centro de atenci\u00f3n integral al productor y la planta de procesamiento de pieles.<\/p>\n\n\n\n<p>Al cierre de la actividad present\u00f3 a los candidatos a concejales que lo acompa\u00f1ar\u00e1n en su recorrido, una lista de hombres y mujeres profesionales que aspiran, poner sus habilidades y experiencias, al servicio de las comunidades Rosarenses.<br><strong><em>ET \/ Nota de Prensa<\/em><\/strong><\/p>\n\n\n\n<p><\/p>\n","protected":false},"excerpt":{"rendered":"<p>ENTRE TORMENTAS. En un ambiente c\u00e1lido y acogedor fue presentado el nuevo Plan de Gobierno&#8230;<\/p>\n","protected":false},"author":2,"featured_media":18516,"comment_status":"closed","ping_status":"open","sticky":false,"template":"","format":"standard","meta":{"footnotes":""},"categories":[57,1],"tags":[],"class_list":["post-18513","post","type-post","status-publish","format-standard","has-post-thumbnail","hentry","category-actualidad","category-regionales"],"_links":{"self":[{"href":"https:\/\/entretormentas.com\/index.php?rest_route=\/wp\/v2\/posts\/18513","targetHints":{"allow":["GET"]}}],"collection":[{"href":"https:\/\/entretormentas.com\/index.php?rest_route=\/wp\/v2\/posts"}],"about":[{"href":"https:\/\/entretormentas.com\/index.php?rest_route=\/wp\/v2\/types\/post"}],"author":[{"embeddable":true,"href":"https:\/\/entretormentas.com\/index.php?rest_route=\/wp\/v2\/users\/2"}],"replies":[{"embeddable":true,"href":"https:\/\/entretormentas.com\/index.php?rest_route=%2Fwp%2Fv2%2Fcomments&post=18513"}],"version-history":[{"count":1,"href":"https:\/\/entretormentas.com\/index.php?rest_route=\/wp\/v2\/posts\/18513\/revisions"}],"predecessor-version":[{"id":18517,"href":"https:\/\/entretormentas.com\/index.php?rest_route=\/wp\/v2\/posts\/18513\/revisions\/18517"}],"wp:featuredmedia":[{"embeddable":true,"href":"https:\/\/entretormentas.com\/index.php?rest_route=\/wp\/v2\/media\/18516"}],"wp:attachment":[{"href":"https:\/\/entretormentas.com\/index.php?rest_route=%2Fwp%2Fv2%2Fmedia&parent=18513"}],"wp:term":[{"taxonomy":"category","embeddable":true,"href":"https:\/\/entretormentas.com\/index.php?rest_route=%2Fwp%2Fv2%2Fcategories&post=18513"},{"taxonomy":"post_tag","embeddable":true,"href":"https:\/\/entretormentas.com\/index.php?rest_route=%2Fwp%2Fv2%2Ftags&post=18513"}],"curies":[{"name":"wp","href":"https:\/\/api.w.org\/{rel}","templated":true}]}}