{"id":18897,"date":"2025-07-05T11:58:19","date_gmt":"2025-07-05T09:58:19","guid":{"rendered":"https:\/\/entretormentas.com\/?p=18897"},"modified":"2025-07-05T11:58:20","modified_gmt":"2025-07-05T09:58:20","slug":"el-pdte-de-la-camara-municipal-se-pronuncia-omar-molina-se-une-a-la-candidatura-de-di-martino","status":"publish","type":"post","link":"https:\/\/entretormentas.com\/el-pdte-de-la-camara-municipal-se-pronuncia-omar-molina-se-une-a-la-candidatura-de-di-martino\/","title":{"rendered":"\u00a1EL PDTE. DE LA C\u00c1MARA MUNICIPAL SE PRONUNCIA! Omar Molina se une a la candidatura de Di Martino"},"content":{"rendered":"\n<p><strong>ENTRE TORMENTAS. <\/strong>\u201cYa estamos cansados de los accidentes pol\u00edticos en Maracaibo, me declaro independiente y me uno al cambio y al progreso que representa Gian Carlo Di Martino\u00bb As\u00ed lo declar\u00f3 el presidente de la C\u00e1mara Municipal de Maracaibo, Omar Molina, quien junto a un grupo de dirigentes opositores anunciaron su apoyo al candidato a la Alcald\u00eda de Maracaibo, Gian Carlo Di Martino.<\/p>\n\n\n\n<p>Dijo que tom\u00f3 esta decisi\u00f3n junto al equipo pol\u00edtico que lo acompa\u00f1a en las parroquias, porque cree que Maracaibo necesita de un gerente, un hombre con experiencia, puesto que ya ocup\u00f3 el cargo y conoce de gerencia; sobre todo porque apuesta a la uni\u00f3n para el desarrollo de la ciudad.<\/p>\n\n\n\n<figure class=\"wp-block-image size-large\"><img fetchpriority=\"high\" decoding=\"async\" width=\"1024\" height=\"681\" src=\"https:\/\/entretormentas.com\/wp-content\/uploads\/2025\/07\/omardi2-1024x681.jpeg\" alt=\"\" class=\"wp-image-18898\" srcset=\"https:\/\/entretormentas.com\/wp-content\/uploads\/2025\/07\/omardi2-1024x681.jpeg 1024w, https:\/\/entretormentas.com\/wp-content\/uploads\/2025\/07\/omardi2-300x199.jpeg 300w, https:\/\/entretormentas.com\/wp-content\/uploads\/2025\/07\/omardi2-768x511.jpeg 768w, https:\/\/entretormentas.com\/wp-content\/uploads\/2025\/07\/omardi2.jpeg 1280w\" sizes=\"(max-width: 1024px) 100vw, 1024px\" \/><\/figure>\n\n\n\n<p>\u201cLe he pedido a Gian Carlo que hagamos un gran programa de promoci\u00f3n de la ciudadan\u00eda ante la anarqu\u00eda que nos agobia, nosotros tenemos que ayudar para que las 18 parroquias que conforman el municipio participen en una nueva gesti\u00f3n que involucre a los vecinos, a los consejos comunales, a lo p\u00fablico y a lo privado, es decir una ciudad con una visi\u00f3n integral\u201d<\/p>\n\n\n\n<p>Destac\u00f3, que por eso dio un paso al frente porque cree en el progreso y la esperanza que representa la candidatura de Di Martino, a la cual tambi\u00e9n se le han sumado dirigentes gremiales, dirigentes del casco central y presidentes de fundaciones. Se trata de la estocada de dejar atr\u00e1s el pasado y proyectarnos hacia el futuro que representa Di Martino.<\/p>\n\n\n\n<p><strong>DI MARTINO RECIBE A TODO EL QUE APUESTE AL CAMBIO<\/strong><br>Por su parte el candidato del GPPBS a la Alcald\u00eda de Maracaibo, Gian Carlo Di Martino, manifest\u00f3 que siguen sumando voluntades y todo aquel que apueste al cambio y al progreso ser\u00e1 bienvenido. Este respaldo es importante porque conjuga a otro grupo de personas que aman a Maracaibo.<\/p>\n\n\n\n<figure class=\"wp-block-image size-large\"><img decoding=\"async\" width=\"1024\" height=\"691\" src=\"https:\/\/entretormentas.com\/wp-content\/uploads\/2025\/07\/omardi3-1024x691.jpeg\" alt=\"\" class=\"wp-image-18899\" srcset=\"https:\/\/entretormentas.com\/wp-content\/uploads\/2025\/07\/omardi3-1024x691.jpeg 1024w, https:\/\/entretormentas.com\/wp-content\/uploads\/2025\/07\/omardi3-300x203.jpeg 300w, https:\/\/entretormentas.com\/wp-content\/uploads\/2025\/07\/omardi3-768x518.jpeg 768w, https:\/\/entretormentas.com\/wp-content\/uploads\/2025\/07\/omardi3.jpeg 1280w\" sizes=\"(max-width: 1024px) 100vw, 1024px\" \/><\/figure>\n\n\n\n<p>\u201cYo no soy el salvador como algunos han expresado, esto es muy sencillo, nosotros lo que venimos es a gerenciar con la gente que quiere a Maracaibo y que quiere que sea una ciudad progresista, vivible, lejos de la anarqu\u00eda, de la basura, de los sem\u00e1foros da\u00f1ados y un transporte p\u00fablico en caos\u201d.<\/p>\n\n\n\n<p><strong>DEUDAS EN EL ASEO<\/strong><br>Di Martino, se\u00f1al\u00f3 que recibir\u00e1n una deuda de 1,5 millones de d\u00f3lares por concepto de recolecci\u00f3n de basura y de alquiler de camiones, sin el dise\u00f1o de un sistema de recolecci\u00f3n acorde.<\/p>\n\n\n\n<p>\u201cEn el pa\u00eds hay empresas que pueden colocar de una vez 150 camiones que se requieren para recolectar tres mil toneladas de basura y ellos pretendieron hacerlo con 40, que de paso est\u00e1n parados\u201d, agreg\u00f3.<\/p>\n\n\n\n<p>Manifest\u00f3 que la recolecci\u00f3n debe ser dos veces a la semana, con una frecuencia organizada, acompa\u00f1ada de la clasificaci\u00f3n de los desechos.<\/p>\n\n\n\n<p>Por \u00faltimo anunci\u00f3 que en los pr\u00f3ximos d\u00edas se reunir\u00e1 tambi\u00e9n con los comerciantes del centro, caminar\u00e1 el Mercado Las Pulgas y sus alrededores para escuchar al pueblo, sus propuestas, porque no podemos aceptar que la ciudad est\u00e9 sumergida en el abandono.<br><strong><em>ET \/ Nota de Prensa<\/em><\/strong><\/p>\n","protected":false},"excerpt":{"rendered":"<p>ENTRE TORMENTAS. \u201cYa estamos cansados de los accidentes pol\u00edticos en Maracaibo, me declaro independiente y&#8230;<\/p>\n","protected":false},"author":2,"featured_media":18900,"comment_status":"closed","ping_status":"open","sticky":false,"template":"","format":"standard","meta":{"footnotes":""},"categories":[56,1],"tags":[],"class_list":["post-18897","post","type-post","status-publish","format-standard","has-post-thumbnail","hentry","category-destacadas","category-regionales"],"_links":{"self":[{"href":"https:\/\/entretormentas.com\/index.php?rest_route=\/wp\/v2\/posts\/18897","targetHints":{"allow":["GET"]}}],"collection":[{"href":"https:\/\/entretormentas.com\/index.php?rest_route=\/wp\/v2\/posts"}],"about":[{"href":"https:\/\/entretormentas.com\/index.php?rest_route=\/wp\/v2\/types\/post"}],"author":[{"embeddable":true,"href":"https:\/\/entretormentas.com\/index.php?rest_route=\/wp\/v2\/users\/2"}],"replies":[{"embeddable":true,"href":"https:\/\/entretormentas.com\/index.php?rest_route=%2Fwp%2Fv2%2Fcomments&post=18897"}],"version-history":[{"count":1,"href":"https:\/\/entretormentas.com\/index.php?rest_route=\/wp\/v2\/posts\/18897\/revisions"}],"predecessor-version":[{"id":18901,"href":"https:\/\/entretormentas.com\/index.php?rest_route=\/wp\/v2\/posts\/18897\/revisions\/18901"}],"wp:featuredmedia":[{"embeddable":true,"href":"https:\/\/entretormentas.com\/index.php?rest_route=\/wp\/v2\/media\/18900"}],"wp:attachment":[{"href":"https:\/\/entretormentas.com\/index.php?rest_route=%2Fwp%2Fv2%2Fmedia&parent=18897"}],"wp:term":[{"taxonomy":"category","embeddable":true,"href":"https:\/\/entretormentas.com\/index.php?rest_route=%2Fwp%2Fv2%2Fcategories&post=18897"},{"taxonomy":"post_tag","embeddable":true,"href":"https:\/\/entretormentas.com\/index.php?rest_route=%2Fwp%2Fv2%2Ftags&post=18897"}],"curies":[{"name":"wp","href":"https:\/\/api.w.org\/{rel}","templated":true}]}}