{"id":1896,"date":"2024-04-30T09:17:57","date_gmt":"2024-04-30T07:17:57","guid":{"rendered":"https:\/\/entretormentas.com\/?p=1896"},"modified":"2024-04-30T09:17:58","modified_gmt":"2024-04-30T07:17:58","slug":"el-jueves-2-de-mayo-ad-en-resistencia-acompanara-a-maria-corina-machado-en-su-gira-por-el-zulia","status":"publish","type":"post","link":"https:\/\/entretormentas.com\/el-jueves-2-de-mayo-ad-en-resistencia-acompanara-a-maria-corina-machado-en-su-gira-por-el-zulia\/","title":{"rendered":"\u00a1EL JUEVES 2 DE MAYO! AD en Resistencia acompa\u00f1ar\u00e1 a Mar\u00eda Corina Machado en su gira por el Zulia"},"content":{"rendered":"\n<p><strong>ENTRE TORMENTAS. <\/strong>El l\u00edder de AD-Zulia en Resistencia, Dr. Juan Carlos Velazco, inform\u00f3 que Mar\u00eda Corina Machado llegar\u00e1 este jueves 2 a Maracaibo y sostendr\u00e1 importantes reuniones con l\u00edderes de organizaciones gremiales, sindicales, universitarias, empresariales y personeros de la sociedad civil para consolidar el apoyo al candidato unitario Gonz\u00e1lez Urrutia.<\/p>\n\n\n\n<p>El jueves en la tarde, tendr\u00e1 lugar una gran concentraci\u00f3n popular a las 4:00 pm desde la avenida Bella Vista con calle 72, que ser\u00e1 una demostraci\u00f3n del gran apoyo que registra la candidatura de Edmundo Gonzalez Urrutia para constituirse en el nuevo Presidente de Venezuela el pr\u00f3ximo 28 de julio cuando el pueblo zuliano acuda a expresar su voluntad de cambio.<\/p>\n\n\n\n<p>Velazco dijo que AD-Zulia en Resistencia, tiene lista su maquinaria electoral al lado de las dem\u00e1s organizaciones de la Plataforna Unitaria para cuidar y defender los millones de votos que depositar\u00e1 el pueblo zuliano para el cambio que necesita con urgencia Venezuela.<\/p>\n\n\n\n<p>Juan Carlos Velazco expres\u00f3 que Venezuela vive una crisis econ\u00f3mica, social y moral que no tiene precedente en toda su historia republicana. El dirigente adeco aprovech\u00f3 para invitar al pueblo de Maracaibo a acompa\u00f1ar esta \u00abgran concentraci\u00f3n de este jueves\u00bb.<br><strong><em>GS \/ Nota de Prensa<\/em><\/strong><\/p>\n","protected":false},"excerpt":{"rendered":"<p>ENTRE TORMENTAS. El l\u00edder de AD-Zulia en Resistencia, Dr. Juan Carlos Velazco, inform\u00f3 que Mar\u00eda&#8230;<\/p>\n","protected":false},"author":2,"featured_media":1897,"comment_status":"closed","ping_status":"open","sticky":false,"template":"","format":"standard","meta":{"footnotes":""},"categories":[1],"tags":[],"class_list":["post-1896","post","type-post","status-publish","format-standard","has-post-thumbnail","hentry","category-regionales"],"_links":{"self":[{"href":"https:\/\/entretormentas.com\/index.php?rest_route=\/wp\/v2\/posts\/1896","targetHints":{"allow":["GET"]}}],"collection":[{"href":"https:\/\/entretormentas.com\/index.php?rest_route=\/wp\/v2\/posts"}],"about":[{"href":"https:\/\/entretormentas.com\/index.php?rest_route=\/wp\/v2\/types\/post"}],"author":[{"embeddable":true,"href":"https:\/\/entretormentas.com\/index.php?rest_route=\/wp\/v2\/users\/2"}],"replies":[{"embeddable":true,"href":"https:\/\/entretormentas.com\/index.php?rest_route=%2Fwp%2Fv2%2Fcomments&post=1896"}],"version-history":[{"count":1,"href":"https:\/\/entretormentas.com\/index.php?rest_route=\/wp\/v2\/posts\/1896\/revisions"}],"predecessor-version":[{"id":1898,"href":"https:\/\/entretormentas.com\/index.php?rest_route=\/wp\/v2\/posts\/1896\/revisions\/1898"}],"wp:featuredmedia":[{"embeddable":true,"href":"https:\/\/entretormentas.com\/index.php?rest_route=\/wp\/v2\/media\/1897"}],"wp:attachment":[{"href":"https:\/\/entretormentas.com\/index.php?rest_route=%2Fwp%2Fv2%2Fmedia&parent=1896"}],"wp:term":[{"taxonomy":"category","embeddable":true,"href":"https:\/\/entretormentas.com\/index.php?rest_route=%2Fwp%2Fv2%2Fcategories&post=1896"},{"taxonomy":"post_tag","embeddable":true,"href":"https:\/\/entretormentas.com\/index.php?rest_route=%2Fwp%2Fv2%2Ftags&post=1896"}],"curies":[{"name":"wp","href":"https:\/\/api.w.org\/{rel}","templated":true}]}}