{"id":19176,"date":"2025-07-11T10:19:15","date_gmt":"2025-07-11T08:19:15","guid":{"rendered":"https:\/\/entretormentas.com\/?p=19176"},"modified":"2025-07-11T10:19:15","modified_gmt":"2025-07-11T08:19:15","slug":"impulsa-jornadas-en-parroquias-de-san-francisco-para-gustavo-fernandez-las-mascotas-son-tan-prioridad-como-los-ciudadanos","status":"publish","type":"post","link":"https:\/\/entretormentas.com\/impulsa-jornadas-en-parroquias-de-san-francisco-para-gustavo-fernandez-las-mascotas-son-tan-prioridad-como-los-ciudadanos\/","title":{"rendered":"\u00a1IMPULSA JORNADAS EN PARROQUIAS DE SAN FRANCISCO! Para Gustavo Fern\u00e1ndez las mascotas son tan prioridad como los ciudadanos"},"content":{"rendered":"\n<p><strong>ENTRE TORMENTAS.<\/strong> Maribel Villalobos, habitante del Complejo Habitacional Brisas de Mi Lago, camin\u00f3 con su perrito Tommy hasta la cancha de la urbanizaci\u00f3n La Portuaria para que su mascota recibiera asistencia veterinaria totalmente gratuita. \u201cEsto es primera vez que se ve\u201d, dijo asombrada mientras esperaba su turno para la atenci\u00f3n de su compa\u00f1ero fiel y cont\u00f3: \u201cHay una buena atenci\u00f3n, estamos muy contentos por esta maravillosa jornada sin costo alguno\u201d.<\/p>\n\n\n\n<p>Villalobos, vecina de la parroquia Francisco Ochoa, explic\u00f3 que tambi\u00e9n tiene cuatro gatas y como amante de los animales le parece una excelente acci\u00f3n social para la salud de estos.<\/p>\n\n\n\n<p>En menos de una semana, mas de 600 mascotas recibieron atenci\u00f3n veterinaria en San Francisco, Marcial Hern\u00e1ndez y Francisco Ochoa en estas jornadas. Para Emilia Lugo, residente de La Portuaria, estas actividades deben continuar porque \u201ctodo lo que se haga en beneficio de las mascotas es bueno\u201d.<\/p>\n\n\n\n<p>Los vecinos de las parroquias atendidas coincidieron que es la primera vez que un alcalde se preocupa por el bienestar de las mascotas. Entre los presentes hab\u00edan personas catalogadas como \u201crescatistas de animales\u201d quienes resaltaron la gran receptividad que han tenido estas jornadas.<\/p>\n\n\n\n<figure class=\"wp-block-image size-large\"><img fetchpriority=\"high\" decoding=\"async\" width=\"1024\" height=\"682\" src=\"https:\/\/entretormentas.com\/wp-content\/uploads\/2025\/07\/mascosf3-1-1024x682.jpeg\" alt=\"\" class=\"wp-image-19177\" srcset=\"https:\/\/entretormentas.com\/wp-content\/uploads\/2025\/07\/mascosf3-1-1024x682.jpeg 1024w, https:\/\/entretormentas.com\/wp-content\/uploads\/2025\/07\/mascosf3-1-300x200.jpeg 300w, https:\/\/entretormentas.com\/wp-content\/uploads\/2025\/07\/mascosf3-1-768x512.jpeg 768w, https:\/\/entretormentas.com\/wp-content\/uploads\/2025\/07\/mascosf3-1.jpeg 1280w\" sizes=\"(max-width: 1024px) 100vw, 1024px\" \/><\/figure>\n\n\n\n<p>En n\u00fameros solo en la parroquia San Francisco fueron atendidos 348 animales beneficiando 236 familias, en Marcial Hern\u00e1ndez se beneficiaron 168 animales en beneficio de 121 familias y en la parroquia Francisco Ochoa un total de 152 mascotas de 101 familias. Vale destacar que algunas familias tienen hasta m\u00e1s de dos mascotas.<\/p>\n\n\n\n<p>Esta iniciativa gratuita busca promover el bienestar animal en las comunidades. Por hechos como estos, los sectores lo agradecen porque ven como tienen la oportunidad de atender a sus animalitos con diversos servicios veterinarios, incluyendo consultas, corte de u\u00f1as, administraci\u00f3n de vitaminas, vacunaci\u00f3n antirr\u00e1bica, desparasitaci\u00f3n y limpieza de o\u00eddos.<\/p>\n\n\n\n<p>Los participantes expresaron su satisfacci\u00f3n y agradecimiento por la atenci\u00f3n recibida, destacando la calidad del servicio brindado. Esta jornada no solo benefici\u00f3 a las mascotas, sino que tambi\u00e9n fortaleci\u00f3 el v\u00ednculo entre los due\u00f1os y sus animales, reafirmando el compromiso de Umpasfa con la salud y el bienestar animal.<\/p>\n\n\n\n<p>El alcalde Gustavo Fern\u00e1ndez ha manifestado su inter\u00e9s en continuar con este tipo de iniciativas. Se tiene previsto, durante todo el mes de julio, ampliar estas jornadas veterinarias, beneficiando a un mayor n\u00famero de mascotas y promoviendo la responsabilidad y el cuidado hacia los animales. Con esfuerzos como este, se contribuye a una convivencia m\u00e1s armoniosa que a\u00f1os atr\u00e1s no era palpable.<br><strong><em>ET \/ Alcald\u00eda de San Francisco<\/em><\/strong><\/p>\n\n\n\n<p><\/p>\n","protected":false},"excerpt":{"rendered":"<p>ENTRE TORMENTAS. Maribel Villalobos, habitante del Complejo Habitacional Brisas de Mi Lago, camin\u00f3 con su&#8230;<\/p>\n","protected":false},"author":2,"featured_media":19178,"comment_status":"closed","ping_status":"open","sticky":false,"template":"","format":"standard","meta":{"footnotes":""},"categories":[1],"tags":[],"class_list":["post-19176","post","type-post","status-publish","format-standard","has-post-thumbnail","hentry","category-regionales"],"_links":{"self":[{"href":"https:\/\/entretormentas.com\/index.php?rest_route=\/wp\/v2\/posts\/19176","targetHints":{"allow":["GET"]}}],"collection":[{"href":"https:\/\/entretormentas.com\/index.php?rest_route=\/wp\/v2\/posts"}],"about":[{"href":"https:\/\/entretormentas.com\/index.php?rest_route=\/wp\/v2\/types\/post"}],"author":[{"embeddable":true,"href":"https:\/\/entretormentas.com\/index.php?rest_route=\/wp\/v2\/users\/2"}],"replies":[{"embeddable":true,"href":"https:\/\/entretormentas.com\/index.php?rest_route=%2Fwp%2Fv2%2Fcomments&post=19176"}],"version-history":[{"count":1,"href":"https:\/\/entretormentas.com\/index.php?rest_route=\/wp\/v2\/posts\/19176\/revisions"}],"predecessor-version":[{"id":19179,"href":"https:\/\/entretormentas.com\/index.php?rest_route=\/wp\/v2\/posts\/19176\/revisions\/19179"}],"wp:featuredmedia":[{"embeddable":true,"href":"https:\/\/entretormentas.com\/index.php?rest_route=\/wp\/v2\/media\/19178"}],"wp:attachment":[{"href":"https:\/\/entretormentas.com\/index.php?rest_route=%2Fwp%2Fv2%2Fmedia&parent=19176"}],"wp:term":[{"taxonomy":"category","embeddable":true,"href":"https:\/\/entretormentas.com\/index.php?rest_route=%2Fwp%2Fv2%2Fcategories&post=19176"},{"taxonomy":"post_tag","embeddable":true,"href":"https:\/\/entretormentas.com\/index.php?rest_route=%2Fwp%2Fv2%2Ftags&post=19176"}],"curies":[{"name":"wp","href":"https:\/\/api.w.org\/{rel}","templated":true}]}}