{"id":19180,"date":"2025-07-11T10:23:48","date_gmt":"2025-07-11T08:23:48","guid":{"rendered":"https:\/\/entretormentas.com\/?p=19180"},"modified":"2025-07-11T10:23:49","modified_gmt":"2025-07-11T08:23:49","slug":"en-sustitucion-de-marco-rivero-horacio-marin-es-el-nuevo-presidente-del-imau","status":"publish","type":"post","link":"https:\/\/entretormentas.com\/en-sustitucion-de-marco-rivero-horacio-marin-es-el-nuevo-presidente-del-imau\/","title":{"rendered":"\u00a1EN SUSTITUCI\u00d3N DE MARCO RIVERO! Horacio Mar\u00edn es el nuevo presidente del IMAU"},"content":{"rendered":"\n<p><strong>ENTRE TORMENTAS.<\/strong> A trav\u00e9s de un comunicado, el alcalde encargado de Maracaibo, Adri\u00e1n Romero, inform\u00f3 este jueves, que fue designado como presidente del Instituto Municipal de Aseo Urbano (IMAU), Horacio Mar\u00edn.<\/p>\n\n\n\n<p>\u00abSus actividades y atribuciones empezar\u00e1n a desarrollarse de forma inmediata para seguir impulsando una gesti\u00f3n eficiente en beneficio de la ciudad y los marabinos\u00bb, se\u00f1ala el texto.<\/p>\n\n\n\n<figure class=\"wp-block-image size-full\"><img fetchpriority=\"high\" decoding=\"async\" width=\"677\" height=\"778\" src=\"https:\/\/entretormentas.com\/wp-content\/uploads\/2025\/07\/imauuu.jpg\" alt=\"\" class=\"wp-image-19181\" srcset=\"https:\/\/entretormentas.com\/wp-content\/uploads\/2025\/07\/imauuu.jpg 677w, https:\/\/entretormentas.com\/wp-content\/uploads\/2025\/07\/imauuu-261x300.jpg 261w\" sizes=\"(max-width: 677px) 100vw, 677px\" \/><\/figure>\n\n\n\n<p>El anuncio se hace tras conocerse la renuncia de Marco Rivero, quien por motivos de salud abandona las responsabilidades asignadas como parte del gabinete de la Alcald\u00eda de Maracaibo.<\/p>\n\n\n\n<p>Seg\u00fan el comunicado, desde el ayuntamiento marabino se hizo p\u00fablico el agradecimiento a la labor del presidente saliente Marco Rivero y fue catalogado como \u00abun servidor p\u00fablico ejemplar, quien estuvo al frente de la las operaciones de la recolecci\u00f3n de desechos desde hace nueve meses, mostrando responsabilidad y compromiso, al igual que en los distintos cargos que ejerci\u00f3 dentro del gobierno municipal\u00bb.<br><strong><em>ET \/ Es con Usted<\/em><\/strong><\/p>\n","protected":false},"excerpt":{"rendered":"<p>ENTRE TORMENTAS. A trav\u00e9s de un comunicado, el alcalde encargado de Maracaibo, Adri\u00e1n Romero, inform\u00f3&#8230;<\/p>\n","protected":false},"author":2,"featured_media":19182,"comment_status":"closed","ping_status":"open","sticky":false,"template":"","format":"standard","meta":{"footnotes":""},"categories":[1],"tags":[],"class_list":["post-19180","post","type-post","status-publish","format-standard","has-post-thumbnail","hentry","category-regionales"],"_links":{"self":[{"href":"https:\/\/entretormentas.com\/index.php?rest_route=\/wp\/v2\/posts\/19180","targetHints":{"allow":["GET"]}}],"collection":[{"href":"https:\/\/entretormentas.com\/index.php?rest_route=\/wp\/v2\/posts"}],"about":[{"href":"https:\/\/entretormentas.com\/index.php?rest_route=\/wp\/v2\/types\/post"}],"author":[{"embeddable":true,"href":"https:\/\/entretormentas.com\/index.php?rest_route=\/wp\/v2\/users\/2"}],"replies":[{"embeddable":true,"href":"https:\/\/entretormentas.com\/index.php?rest_route=%2Fwp%2Fv2%2Fcomments&post=19180"}],"version-history":[{"count":1,"href":"https:\/\/entretormentas.com\/index.php?rest_route=\/wp\/v2\/posts\/19180\/revisions"}],"predecessor-version":[{"id":19183,"href":"https:\/\/entretormentas.com\/index.php?rest_route=\/wp\/v2\/posts\/19180\/revisions\/19183"}],"wp:featuredmedia":[{"embeddable":true,"href":"https:\/\/entretormentas.com\/index.php?rest_route=\/wp\/v2\/media\/19182"}],"wp:attachment":[{"href":"https:\/\/entretormentas.com\/index.php?rest_route=%2Fwp%2Fv2%2Fmedia&parent=19180"}],"wp:term":[{"taxonomy":"category","embeddable":true,"href":"https:\/\/entretormentas.com\/index.php?rest_route=%2Fwp%2Fv2%2Fcategories&post=19180"},{"taxonomy":"post_tag","embeddable":true,"href":"https:\/\/entretormentas.com\/index.php?rest_route=%2Fwp%2Fv2%2Ftags&post=19180"}],"curies":[{"name":"wp","href":"https:\/\/api.w.org\/{rel}","templated":true}]}}