{"id":19184,"date":"2025-07-11T10:28:42","date_gmt":"2025-07-11T08:28:42","guid":{"rendered":"https:\/\/entretormentas.com\/?p=19184"},"modified":"2025-07-11T10:28:42","modified_gmt":"2025-07-11T08:28:42","slug":"atencion-gratuita-y-de-calidad-vecinos-de-el-bajo-agradecen-a-gustavo-fernandez-rehabilitacion-del-ambulatorio-dr-pedro-iturbe","status":"publish","type":"post","link":"https:\/\/entretormentas.com\/atencion-gratuita-y-de-calidad-vecinos-de-el-bajo-agradecen-a-gustavo-fernandez-rehabilitacion-del-ambulatorio-dr-pedro-iturbe\/","title":{"rendered":"\u00a1ATENCI\u00d3N GRATUITA Y DE CALIDAD! Vecinos de El Bajo agradecen a Gustavo Fern\u00e1ndez rehabilitaci\u00f3n del Ambulatorio Dr. Pedro Iturbe"},"content":{"rendered":"\n<p><strong>ENTRE TORMENTAS.<\/strong> Los residentes de la parroquia El Bajo, durante el recorrido casa por casa, reconocieron los beneficios aportados en materia de salud por parte del alcalde Gustavo Fern\u00e1ndez, con el reacondicionamiento de este centro asistencial, que ofrece consultas m\u00e9dicas especializadas, ex\u00e1menes de laboratorio y servicio de emergencia las 24 horas del d\u00eda.<\/p>\n\n\n\n<p>\u00abEl ambulatorio nos ha facilitado la vida, pues ahora contamos con atenci\u00f3n m\u00e9dica gratuita y de calidad. Antes ten\u00edamos que trasladarnos a otros centros de salud para una consulta y ex\u00e1menes de laboratorio que resultaban muy costosos y no cont\u00e1bamos con los recursos, ahora todo es m\u00e1s f\u00e1cil, c\u00f3modo y de primera\u00bb, precis\u00f3 Nair\u00e9 Urdaneta, habitante de la zona.<\/p>\n\n\n\n<figure class=\"wp-block-image size-full\"><img fetchpriority=\"high\" decoding=\"async\" width=\"275\" height=\"183\" src=\"https:\/\/entretormentas.com\/wp-content\/uploads\/2025\/07\/gfelbajo3.jpg\" alt=\"\" class=\"wp-image-19185\"\/><\/figure>\n\n\n\n<p>Un nutrido grupo de personas en los sectores Bajo Grande I, Camur\u00ed y Mucubaj\u00ed, se congreg\u00f3 para recibir al alcalde, Gustavo Fern\u00e1ndez y candidato a la reelecci\u00f3n a la alcald\u00eda de San Francisco, quien llev\u00f3 un mensaje de reflexi\u00f3n para promover el voto y rechazar la abstenci\u00f3n, en las venideras elecciones municipales del 27 de Julio.<\/p>\n\n\n\n<p>Fern\u00e1ndez, inst\u00f3 a los vecinos de estas populosas zonas a ejercer su derecho constitucional de opinar y elegir \u00abel voto es el camino para poder seguir fortaleciendo la democracia, es nuestra mejor forma de manifestar sin violencia y dar continuidad a un proyecto que se viene gestando desde el a\u00f1o 2021; Convertir a San Francisco, en el municipio modelo, referencia en gesti\u00f3n municipal, a nivel nacional\u00bb argument\u00f3.<\/p>\n\n\n\n<p>Dijo adem\u00e1s \u00abHoy les hago un llamado cargado de entusiasmo y esperanza, para que participen masivamente en \u00e9ste proceso electoral y dejen a un lado la abstenci\u00f3n. Ante las adversidades, debemos defender nuestros espacios y conservar todo lo que con gran esfuerzo hemos logrado\u00bb exalt\u00f3.<\/p>\n\n\n\n<figure class=\"wp-block-image size-large\"><img decoding=\"async\" width=\"1024\" height=\"682\" src=\"https:\/\/entretormentas.com\/wp-content\/uploads\/2025\/07\/gfelbajo2-1024x682.jpg\" alt=\"\" class=\"wp-image-19186\" srcset=\"https:\/\/entretormentas.com\/wp-content\/uploads\/2025\/07\/gfelbajo2-1024x682.jpg 1024w, https:\/\/entretormentas.com\/wp-content\/uploads\/2025\/07\/gfelbajo2-300x200.jpg 300w, https:\/\/entretormentas.com\/wp-content\/uploads\/2025\/07\/gfelbajo2-768x512.jpg 768w, https:\/\/entretormentas.com\/wp-content\/uploads\/2025\/07\/gfelbajo2.jpg 1280w\" sizes=\"(max-width: 1024px) 100vw, 1024px\" \/><\/figure>\n\n\n\n<p>Los ciudadanos en cuesti\u00f3n manifestaron arrepentimiento por no haber participado en la contienda electoral pasada. Nelsida P\u00e9rez, se\u00f1al\u00f3 \u00abtenemos que cumplir con nuestra obligaci\u00f3n como ciudadanos venezolanos. Ya perdimos la Gobernaci\u00f3n por no salir a votar, vamos a dejar perder tambi\u00e9n San Francisco, eso no puede suceder\u00bb.<\/p>\n\n\n\n<p>\u00abNuestro municipio vale la pena y no se lo vamos a entregar al chavismo otra vez\u00bb enfatiz\u00f3 Wilmer Arenas, al ser consultado sobre el pr\u00f3ximo proceso electoral. Osleiva Finol, dijo \u00abtodav\u00eda seguimos golpeados por la salida de Manuel Rosales, de la Gobernaci\u00f3n, pero si nos levantamos y votamos, a\u00fan podemos cambiar el rumbo de nuestro municipio\u00bb acot\u00f3.<\/p>\n\n\n\n<p>Con Gustavo Fern\u00e1ndez, al frente de la alcald\u00eda, San Francisco se perfila como el municipio, con mayor crecimiento econ\u00f3mico y productivo del occidente del pa\u00eds, con un futuro prometedor y lleno de oportunidades para todos.<br><strong><em>ET \/ Nota de Prensa<\/em><\/strong><\/p>\n","protected":false},"excerpt":{"rendered":"<p>ENTRE TORMENTAS. Los residentes de la parroquia El Bajo, durante el recorrido casa por casa,&#8230;<\/p>\n","protected":false},"author":2,"featured_media":19187,"comment_status":"closed","ping_status":"open","sticky":false,"template":"","format":"standard","meta":{"footnotes":""},"categories":[57,1],"tags":[],"class_list":["post-19184","post","type-post","status-publish","format-standard","has-post-thumbnail","hentry","category-actualidad","category-regionales"],"_links":{"self":[{"href":"https:\/\/entretormentas.com\/index.php?rest_route=\/wp\/v2\/posts\/19184","targetHints":{"allow":["GET"]}}],"collection":[{"href":"https:\/\/entretormentas.com\/index.php?rest_route=\/wp\/v2\/posts"}],"about":[{"href":"https:\/\/entretormentas.com\/index.php?rest_route=\/wp\/v2\/types\/post"}],"author":[{"embeddable":true,"href":"https:\/\/entretormentas.com\/index.php?rest_route=\/wp\/v2\/users\/2"}],"replies":[{"embeddable":true,"href":"https:\/\/entretormentas.com\/index.php?rest_route=%2Fwp%2Fv2%2Fcomments&post=19184"}],"version-history":[{"count":1,"href":"https:\/\/entretormentas.com\/index.php?rest_route=\/wp\/v2\/posts\/19184\/revisions"}],"predecessor-version":[{"id":19188,"href":"https:\/\/entretormentas.com\/index.php?rest_route=\/wp\/v2\/posts\/19184\/revisions\/19188"}],"wp:featuredmedia":[{"embeddable":true,"href":"https:\/\/entretormentas.com\/index.php?rest_route=\/wp\/v2\/media\/19187"}],"wp:attachment":[{"href":"https:\/\/entretormentas.com\/index.php?rest_route=%2Fwp%2Fv2%2Fmedia&parent=19184"}],"wp:term":[{"taxonomy":"category","embeddable":true,"href":"https:\/\/entretormentas.com\/index.php?rest_route=%2Fwp%2Fv2%2Fcategories&post=19184"},{"taxonomy":"post_tag","embeddable":true,"href":"https:\/\/entretormentas.com\/index.php?rest_route=%2Fwp%2Fv2%2Ftags&post=19184"}],"curies":[{"name":"wp","href":"https:\/\/api.w.org\/{rel}","templated":true}]}}