{"id":19193,"date":"2025-07-11T10:36:31","date_gmt":"2025-07-11T08:36:31","guid":{"rendered":"https:\/\/entretormentas.com\/?p=19193"},"modified":"2025-07-11T10:36:32","modified_gmt":"2025-07-11T08:36:32","slug":"adrian-romero-en-maracaibo-comenzo-el-cambio-en-2021-y-en-2025-lo-estamos-defendiendo","status":"publish","type":"post","link":"https:\/\/entretormentas.com\/adrian-romero-en-maracaibo-comenzo-el-cambio-en-2021-y-en-2025-lo-estamos-defendiendo\/","title":{"rendered":"ADRI\u00c1N ROMERO: \u201cEn Maracaibo comenz\u00f3 el cambio en 2021 y en 2025 lo estamos defendiendo\u201d"},"content":{"rendered":"\n<p><strong>ENTRE TORMENTAS. <\/strong>El candidato de la Gran Alianza por Maracaibo, Adri\u00e1n Romero Mart\u00ednez, durante una asamblea de vecinos y factores pol\u00edticos la tarde de este mi\u00e9rcoles 9 de julio, en la parroquia Ra\u00fal Leoni, reafirm\u00f3 el compromiso que tiene con Maracaibo. \u201cEn Maracaibo comenz\u00f3 el cambio en 2021 y en 2025 lo estamos defendiendo\u201d, afirm\u00f3 en su intervenci\u00f3n.<\/p>\n\n\n\n<p>Romero Mart\u00ednez enfatiz\u00f3 la importancia de la continuidad en las pol\u00edticas y proyectos que han marcado un antes y un despu\u00e9s en la ciudad. \u201cDesde el a\u00f1o 2021, los marabinos decidieron apostar por una Alcald\u00eda de inclusi\u00f3n. Hoy, en 2025, estamos firmemente comprometidos en defender ese cambio que ya es una realidad palpable en cada rinc\u00f3n de Maracaibo\u201d.<\/p>\n\n\n\n<figure class=\"wp-block-image size-large\"><img fetchpriority=\"high\" decoding=\"async\" width=\"1024\" height=\"576\" src=\"https:\/\/entretormentas.com\/wp-content\/uploads\/2025\/07\/aralcaldee2-1024x576.jpg\" alt=\"\" class=\"wp-image-19194\" srcset=\"https:\/\/entretormentas.com\/wp-content\/uploads\/2025\/07\/aralcaldee2-1024x576.jpg 1024w, https:\/\/entretormentas.com\/wp-content\/uploads\/2025\/07\/aralcaldee2-300x169.jpg 300w, https:\/\/entretormentas.com\/wp-content\/uploads\/2025\/07\/aralcaldee2-768x432.jpg 768w, https:\/\/entretormentas.com\/wp-content\/uploads\/2025\/07\/aralcaldee2-1536x864.jpg 1536w, https:\/\/entretormentas.com\/wp-content\/uploads\/2025\/07\/aralcaldee2.jpg 1600w\" sizes=\"(max-width: 1024px) 100vw, 1024px\" \/><\/figure>\n\n\n\n<p>En su discurso, Romero Mart\u00ednez hizo alusi\u00f3n a los logros alcanzados por Ram\u00edrez Colina en su gesti\u00f3n desde 2021 en diversas \u00e1reas, pero adem\u00e1s mencion\u00f3 el reto y satisfacci\u00f3n que ha sido poder sostenerlas y continuarlas durante los nueve meses que tiene a cargo.<\/p>\n\n\n\n<p>\u201cUna de las cosas m\u00e1s importantes es que se ha impulsado la econom\u00eda local, a trav\u00e9s del programa de microcr\u00e9ditos para los microempresarios y se ha generado el ambiente de confianza para que el empresario invierta y genere empleos. Eso se traduce en m\u00e1s recursos para atender a las comunidades m\u00e1s vulnerables a trav\u00e9s de diferentes obras, planes y ayudas sociales\u201d, detall\u00f3 Romero Mart\u00ednez.<\/p>\n\n\n\n<p>El candidato finaliz\u00f3 explicando que el cambio de una ciudad no es un evento aislado, sino \u201cun proceso continuo que requiere visi\u00f3n en la gerencia municipal y su compromiso inquebrantable para obtener los resultados queridos, adem\u00e1s del esfuerzo conjunto de todos los ciudadanos y un equipo de servidores que apueste a que las cosas se hagan diferentes. Agradezco a todos los que est\u00e1n montados en este bus. Cada vez m\u00e1s personas se anotan a apoyar este proyecto con su confianza y con su voto\u201d.<br><strong><em>ET \/ Nota de Prensa<\/em><\/strong><\/p>\n\n\n\n<p><\/p>\n","protected":false},"excerpt":{"rendered":"<p>ENTRE TORMENTAS. El candidato de la Gran Alianza por Maracaibo, Adri\u00e1n Romero Mart\u00ednez, durante una&#8230;<\/p>\n","protected":false},"author":2,"featured_media":19195,"comment_status":"closed","ping_status":"open","sticky":false,"template":"","format":"standard","meta":{"footnotes":""},"categories":[57,1],"tags":[],"class_list":["post-19193","post","type-post","status-publish","format-standard","has-post-thumbnail","hentry","category-actualidad","category-regionales"],"_links":{"self":[{"href":"https:\/\/entretormentas.com\/index.php?rest_route=\/wp\/v2\/posts\/19193","targetHints":{"allow":["GET"]}}],"collection":[{"href":"https:\/\/entretormentas.com\/index.php?rest_route=\/wp\/v2\/posts"}],"about":[{"href":"https:\/\/entretormentas.com\/index.php?rest_route=\/wp\/v2\/types\/post"}],"author":[{"embeddable":true,"href":"https:\/\/entretormentas.com\/index.php?rest_route=\/wp\/v2\/users\/2"}],"replies":[{"embeddable":true,"href":"https:\/\/entretormentas.com\/index.php?rest_route=%2Fwp%2Fv2%2Fcomments&post=19193"}],"version-history":[{"count":1,"href":"https:\/\/entretormentas.com\/index.php?rest_route=\/wp\/v2\/posts\/19193\/revisions"}],"predecessor-version":[{"id":19196,"href":"https:\/\/entretormentas.com\/index.php?rest_route=\/wp\/v2\/posts\/19193\/revisions\/19196"}],"wp:featuredmedia":[{"embeddable":true,"href":"https:\/\/entretormentas.com\/index.php?rest_route=\/wp\/v2\/media\/19195"}],"wp:attachment":[{"href":"https:\/\/entretormentas.com\/index.php?rest_route=%2Fwp%2Fv2%2Fmedia&parent=19193"}],"wp:term":[{"taxonomy":"category","embeddable":true,"href":"https:\/\/entretormentas.com\/index.php?rest_route=%2Fwp%2Fv2%2Fcategories&post=19193"},{"taxonomy":"post_tag","embeddable":true,"href":"https:\/\/entretormentas.com\/index.php?rest_route=%2Fwp%2Fv2%2Ftags&post=19193"}],"curies":[{"name":"wp","href":"https:\/\/api.w.org\/{rel}","templated":true}]}}