{"id":19197,"date":"2025-07-11T10:42:32","date_gmt":"2025-07-11T08:42:32","guid":{"rendered":"https:\/\/entretormentas.com\/?p=19197"},"modified":"2025-07-11T10:42:57","modified_gmt":"2025-07-11T08:42:57","slug":"en-marcial-hernandez-agradecen-a-gustavo-fernandez-habilitacion-del-aseo-urbano-y-mejoramiento-de-la-vialidad","status":"publish","type":"post","link":"https:\/\/entretormentas.com\/en-marcial-hernandez-agradecen-a-gustavo-fernandez-habilitacion-del-aseo-urbano-y-mejoramiento-de-la-vialidad\/","title":{"rendered":"\u00a1EN MARCIAL HERN\u00c1NDEZ! Agradecen a Gustavo Fern\u00e1ndez habilitaci\u00f3n del aseo urbano y mejoramiento de la vialidad"},"content":{"rendered":"\n<p><strong>ENTRE TORMENTAS. <\/strong>El alcalde Gustavo Fern\u00e1ndez, candidato a la reelecci\u00f3n a la alcald\u00eda de San Francisco, recorri\u00f3 este jueves 10 de julio la parroquia Marcial Hern\u00e1ndez, de cara a las elecciones municipales del pr\u00f3ximo 27 de julio. Durante su visita casa por casa, los vecinos destacaron con agradecimiento no solo el mejoramiento del servicio de aseo urbano, sino tambi\u00e9n el asfaltado de la vialidad, una obra largamente esperada que ha mejorado el transporte y circulaci\u00f3n vehicular en la zona.<\/p>\n\n\n\n<figure class=\"wp-block-image size-large\"><img fetchpriority=\"high\" decoding=\"async\" width=\"682\" height=\"1024\" src=\"https:\/\/entretormentas.com\/wp-content\/uploads\/2025\/07\/recogesur2-682x1024.jpg\" alt=\"\" class=\"wp-image-19198\" srcset=\"https:\/\/entretormentas.com\/wp-content\/uploads\/2025\/07\/recogesur2-682x1024.jpg 682w, https:\/\/entretormentas.com\/wp-content\/uploads\/2025\/07\/recogesur2-200x300.jpg 200w, https:\/\/entretormentas.com\/wp-content\/uploads\/2025\/07\/recogesur2.jpg 719w\" sizes=\"(max-width: 682px) 100vw, 682px\" \/><\/figure>\n\n\n\n<p>\u201cEl alcalde es un buen hombre, hay que votar por \u00e9l\u201d, dijo la se\u00f1ora Luz Inciarte, habitante de Suram\u00e9rica, quien cont\u00f3 que recibi\u00f3 de Gustavo Fern\u00e1ndez, una silla de rueda que le solicit\u00f3, recordando que \u00e9l, ha hecho muchas cosas por el municipio y que hay que ser agradecidos. Por su parte Freddy Palmar expres\u00f3 \u201cvoto por \u00e9l, porque s\u00e9 que va a hacer lo que no han hecho los dem\u00e1s\u201d.<\/p>\n\n\n\n<p>Fern\u00e1ndez, acompa\u00f1ado de su equipo de trabajo, camin\u00f3 por los sectores Suram\u00e9rica, Sabana Sur y Sabana Grande de la parroquia Marcial Hern\u00e1ndez, escuchando los clamores, necesidades, pero tambi\u00e9n los agradecimientos y palabras de apoyo de los vecinos con expresiones como la de una se\u00f1ora que espera al alcalde en el frente de su casa, \u00abdesde hace a\u00f1os las calles eran intransitables y la basura se acumulaba. Hoy tenemos calles asfaltadas y recolecci\u00f3n de basura semanalmente\u201d.<\/p>\n\n\n\n<figure class=\"wp-block-image size-large\"><img decoding=\"async\" width=\"1024\" height=\"682\" src=\"https:\/\/entretormentas.com\/wp-content\/uploads\/2025\/07\/gfaseo2-1024x682.jpg\" alt=\"\" class=\"wp-image-19199\" srcset=\"https:\/\/entretormentas.com\/wp-content\/uploads\/2025\/07\/gfaseo2-1024x682.jpg 1024w, https:\/\/entretormentas.com\/wp-content\/uploads\/2025\/07\/gfaseo2-300x200.jpg 300w, https:\/\/entretormentas.com\/wp-content\/uploads\/2025\/07\/gfaseo2-768x512.jpg 768w, https:\/\/entretormentas.com\/wp-content\/uploads\/2025\/07\/gfaseo2-1536x1024.jpg 1536w, https:\/\/entretormentas.com\/wp-content\/uploads\/2025\/07\/gfaseo2-2048x1365.jpg 2048w\" sizes=\"(max-width: 1024px) 100vw, 1024px\" \/><\/figure>\n\n\n\n<p>\u201cCon Gustavo todos vamos a ganar, solamente hay que votar hay San Francisco para rato\u201d\u2026 dice el verso improvisado de La Grey Zuliana, con la que los vecinos de Suram\u00e9rica recibieron al candidato de la esperanza de San Francisco, Gustavo Fern\u00e1ndez, que hasta cant\u00f3 en la calle de la mano de un pueblo agradecido y dispuesto a defender lo que es suyo.<\/p>\n\n\n\n<p>El alcalde aprovech\u00f3 esta visita en Marcial Hern\u00e1ndez para recordar la importancia de salir a votar el 27 de julio, fecha clave para continuar el camino de transformaci\u00f3n con obras que devuelvan la dignidad de los habitantes de San Francisco. \u201cLa gente entendi\u00f3 que se equivoc\u00f3, hay un sentido de reflexi\u00f3n importante en la sociedad que sabe que no podemos volver a cometer el error del 25 de mayo y que vamos a salir a votar. Porque est\u00e1 en juego el futuro de San Francisco\u201d, dijo el alcalde.<br><strong><em>ET \/ Nota de Prensa<\/em><\/strong><\/p>\n","protected":false},"excerpt":{"rendered":"<p>ENTRE TORMENTAS. El alcalde Gustavo Fern\u00e1ndez, candidato a la reelecci\u00f3n a la alcald\u00eda de San&#8230;<\/p>\n","protected":false},"author":2,"featured_media":19200,"comment_status":"closed","ping_status":"open","sticky":false,"template":"","format":"standard","meta":{"footnotes":""},"categories":[57,1],"tags":[],"class_list":["post-19197","post","type-post","status-publish","format-standard","has-post-thumbnail","hentry","category-actualidad","category-regionales"],"_links":{"self":[{"href":"https:\/\/entretormentas.com\/index.php?rest_route=\/wp\/v2\/posts\/19197","targetHints":{"allow":["GET"]}}],"collection":[{"href":"https:\/\/entretormentas.com\/index.php?rest_route=\/wp\/v2\/posts"}],"about":[{"href":"https:\/\/entretormentas.com\/index.php?rest_route=\/wp\/v2\/types\/post"}],"author":[{"embeddable":true,"href":"https:\/\/entretormentas.com\/index.php?rest_route=\/wp\/v2\/users\/2"}],"replies":[{"embeddable":true,"href":"https:\/\/entretormentas.com\/index.php?rest_route=%2Fwp%2Fv2%2Fcomments&post=19197"}],"version-history":[{"count":1,"href":"https:\/\/entretormentas.com\/index.php?rest_route=\/wp\/v2\/posts\/19197\/revisions"}],"predecessor-version":[{"id":19201,"href":"https:\/\/entretormentas.com\/index.php?rest_route=\/wp\/v2\/posts\/19197\/revisions\/19201"}],"wp:featuredmedia":[{"embeddable":true,"href":"https:\/\/entretormentas.com\/index.php?rest_route=\/wp\/v2\/media\/19200"}],"wp:attachment":[{"href":"https:\/\/entretormentas.com\/index.php?rest_route=%2Fwp%2Fv2%2Fmedia&parent=19197"}],"wp:term":[{"taxonomy":"category","embeddable":true,"href":"https:\/\/entretormentas.com\/index.php?rest_route=%2Fwp%2Fv2%2Fcategories&post=19197"},{"taxonomy":"post_tag","embeddable":true,"href":"https:\/\/entretormentas.com\/index.php?rest_route=%2Fwp%2Fv2%2Ftags&post=19197"}],"curies":[{"name":"wp","href":"https:\/\/api.w.org\/{rel}","templated":true}]}}