{"id":19360,"date":"2025-07-16T10:04:54","date_gmt":"2025-07-16T08:04:54","guid":{"rendered":"https:\/\/entretormentas.com\/?p=19360"},"modified":"2025-07-16T10:04:55","modified_gmt":"2025-07-16T08:04:55","slug":"gustavo-fernandez-el-pueblo-de-san-francisco-esta-comprometido-con-la-continuidad-del-rescate-del-municipio-este-27-j","status":"publish","type":"post","link":"https:\/\/entretormentas.com\/gustavo-fernandez-el-pueblo-de-san-francisco-esta-comprometido-con-la-continuidad-del-rescate-del-municipio-este-27-j\/","title":{"rendered":"GUSTAVO FERN\u00c1NDEZ: \u201cEl pueblo de San Francisco est\u00e1 comprometido con la continuidad del rescate del municipio este 27-J\u201d"},"content":{"rendered":"\n<p><strong>ENTRE TORMENTAS. <\/strong>El l\u00edder de San Francisco y candidato a la reelecci\u00f3n, Gustavo Fern\u00e1ndez M\u00e9ndez, en la tarde de este lunes recorri\u00f3 la Urb. La Popular, el rehabilitado corredor vial Don Bosco y el sector Divino Ni\u00f1o de las parroquias San Francisco y Domitila Flores, en donde las muestras de apoyo y compromiso quedaron en evidencia por parte de todas las familias sure\u00f1as.<\/p>\n\n\n\n<p>\u00abEl pueblo de San Francisco est\u00e1 comprometido con la continuidad del rescate del municipio este 27 de julio, San Francisco sabe del talante democr\u00e1tico del que estoy hecho, saben que en Gustavo Fern\u00e1ndez tienen un gobernante que lo que busca es la paz y la reconciliaci\u00f3n de la sociedad, por eso el municipio tiene muy claro el panorama al que se va a enfrentar en las pr\u00f3ximas elecciones\u00bb, puntualiz\u00f3 Fern\u00e1ndez M\u00e9ndez, en declaraciones emitidas durante su recorrido casa por casa.<\/p>\n\n\n\n<figure class=\"wp-block-image size-large\"><img fetchpriority=\"high\" decoding=\"async\" width=\"1024\" height=\"682\" src=\"https:\/\/entretormentas.com\/wp-content\/uploads\/2025\/07\/sfsf2-1024x682.jpeg\" alt=\"\" class=\"wp-image-19361\" srcset=\"https:\/\/entretormentas.com\/wp-content\/uploads\/2025\/07\/sfsf2-1024x682.jpeg 1024w, https:\/\/entretormentas.com\/wp-content\/uploads\/2025\/07\/sfsf2-300x200.jpeg 300w, https:\/\/entretormentas.com\/wp-content\/uploads\/2025\/07\/sfsf2-768x512.jpeg 768w, https:\/\/entretormentas.com\/wp-content\/uploads\/2025\/07\/sfsf2.jpeg 1280w\" sizes=\"(max-width: 1024px) 100vw, 1024px\" \/><\/figure>\n\n\n\n<p>Adem\u00e1s, el Titular Municipal asegur\u00f3 que m\u00e1s que presentar una propuesta de gesti\u00f3n, lo ideal es darle continuidad a las obras y programas sociales que se vienen desarrollando en todo el municipio. \u00abYa estamos frente a un gobierno, nosotros le ofrecemos a San Francisco continuar con nuestros programas de asfaltado, de salud, de Techo Seguro, Gota a Gota entre otros, y para eso debemos seguir al frente del gobierno y los ciudadanos lo han entendido\u00bb.<\/p>\n\n\n\n<p>Fern\u00e1ndez sigue ferviente en su recorrido diario por cada rinc\u00f3n de San Francisco, despertando el sentir de un pueblo que le agradece profundamente el cambio notable de paz y futuro que se aprecia en el municipio. \u00abNosotros estamos con Gustavo, no podemos entregar nuestro municipio, esta lucha es de todos\u00bb, afirmaban los vecinos en medio de pancartas y celebraci\u00f3n.<br><strong><em>ET \/ Nota de Prensa<\/em><\/strong><\/p>\n","protected":false},"excerpt":{"rendered":"<p>ENTRE TORMENTAS. El l\u00edder de San Francisco y candidato a la reelecci\u00f3n, Gustavo Fern\u00e1ndez M\u00e9ndez,&#8230;<\/p>\n","protected":false},"author":2,"featured_media":19362,"comment_status":"closed","ping_status":"open","sticky":false,"template":"","format":"standard","meta":{"footnotes":""},"categories":[57,1],"tags":[],"class_list":["post-19360","post","type-post","status-publish","format-standard","has-post-thumbnail","hentry","category-actualidad","category-regionales"],"_links":{"self":[{"href":"https:\/\/entretormentas.com\/index.php?rest_route=\/wp\/v2\/posts\/19360","targetHints":{"allow":["GET"]}}],"collection":[{"href":"https:\/\/entretormentas.com\/index.php?rest_route=\/wp\/v2\/posts"}],"about":[{"href":"https:\/\/entretormentas.com\/index.php?rest_route=\/wp\/v2\/types\/post"}],"author":[{"embeddable":true,"href":"https:\/\/entretormentas.com\/index.php?rest_route=\/wp\/v2\/users\/2"}],"replies":[{"embeddable":true,"href":"https:\/\/entretormentas.com\/index.php?rest_route=%2Fwp%2Fv2%2Fcomments&post=19360"}],"version-history":[{"count":1,"href":"https:\/\/entretormentas.com\/index.php?rest_route=\/wp\/v2\/posts\/19360\/revisions"}],"predecessor-version":[{"id":19363,"href":"https:\/\/entretormentas.com\/index.php?rest_route=\/wp\/v2\/posts\/19360\/revisions\/19363"}],"wp:featuredmedia":[{"embeddable":true,"href":"https:\/\/entretormentas.com\/index.php?rest_route=\/wp\/v2\/media\/19362"}],"wp:attachment":[{"href":"https:\/\/entretormentas.com\/index.php?rest_route=%2Fwp%2Fv2%2Fmedia&parent=19360"}],"wp:term":[{"taxonomy":"category","embeddable":true,"href":"https:\/\/entretormentas.com\/index.php?rest_route=%2Fwp%2Fv2%2Fcategories&post=19360"},{"taxonomy":"post_tag","embeddable":true,"href":"https:\/\/entretormentas.com\/index.php?rest_route=%2Fwp%2Fv2%2Ftags&post=19360"}],"curies":[{"name":"wp","href":"https:\/\/api.w.org\/{rel}","templated":true}]}}