{"id":19364,"date":"2025-07-16T10:09:13","date_gmt":"2025-07-16T08:09:13","guid":{"rendered":"https:\/\/entretormentas.com\/?p=19364"},"modified":"2025-07-16T10:09:13","modified_gmt":"2025-07-16T08:09:13","slug":"plan-quirurgico-oftalmologico-gobernacion-inicia-segunda-fase-con-la-resolucion-de-595-casos-de-cataratas","status":"publish","type":"post","link":"https:\/\/entretormentas.com\/plan-quirurgico-oftalmologico-gobernacion-inicia-segunda-fase-con-la-resolucion-de-595-casos-de-cataratas\/","title":{"rendered":"\u00a1PLAN QUIR\u00daRGICO OFTALMOL\u00d3GICO! Gobernaci\u00f3n inicia segunda fase con la resoluci\u00f3n de 595 casos de cataratas"},"content":{"rendered":"\n<p><strong>ENTRE TORMENTAS. <\/strong>El gobernador del estado Zulia, Luis Caldera, inici\u00f3 este martes 15 de julio, la segunda fase del Plan Quir\u00fargico Oftalmol\u00f3gico, con la meta de alcanzar 595 casos de resoluci\u00f3n de cataratas, en intervenciones realizadas de manera articulada entre los gobiernos nacional y regional.<\/p>\n\n\n\n<p>Esta segunda fase, comenz\u00f3 con la atenci\u00f3n de 76 oficiales jubilados del Cuerpo de Polic\u00eda Bolivariana del Estado Zulia (Cpbz) y familiares directos de estos, quienes dieron parte de su vida contribuyendo con el orden p\u00fablico, la seguridad ciudadana y la construcci\u00f3n de una sociedad zuliana de paz.<\/p>\n\n\n\n<figure class=\"wp-block-image size-large\"><img fetchpriority=\"high\" decoding=\"async\" width=\"1024\" height=\"683\" src=\"https:\/\/entretormentas.com\/wp-content\/uploads\/2025\/07\/oftal2-1024x683.jpeg\" alt=\"\" class=\"wp-image-19365\" srcset=\"https:\/\/entretormentas.com\/wp-content\/uploads\/2025\/07\/oftal2-1024x683.jpeg 1024w, https:\/\/entretormentas.com\/wp-content\/uploads\/2025\/07\/oftal2-300x200.jpeg 300w, https:\/\/entretormentas.com\/wp-content\/uploads\/2025\/07\/oftal2-768x512.jpeg 768w, https:\/\/entretormentas.com\/wp-content\/uploads\/2025\/07\/oftal2.jpeg 1280w\" sizes=\"(max-width: 1024px) 100vw, 1024px\" \/><\/figure>\n\n\n\n<p>Desde el Centro Oftalmol\u00f3gico de Maracaibo, el gobernador acompa\u00f1\u00f3 a los funcionarios que recuperar\u00e1n la vista con esta acci\u00f3n, que forma parte del Plan Cayapa de la Salud, impulsado Caldera en su prioridad de gesti\u00f3n en el tema sanitario.<\/p>\n\n\n\n<p>Resalt\u00f3 el gobernador que estas intervenciones se realizan en la Semana del Polic\u00eda, cuyo d\u00eda se celebra este mi\u00e9rcoles 16 de julio, al igual que el D\u00eda del Ej\u00e9rcito Bolivariano, en honor a la Virgen del Carmen, patrona de ambos componentes de seguridad venezolana.<\/p>\n\n\n\n<figure class=\"wp-block-image size-large\"><img decoding=\"async\" width=\"1024\" height=\"683\" src=\"https:\/\/entretormentas.com\/wp-content\/uploads\/2025\/07\/oftal3-1024x683.jpeg\" alt=\"\" class=\"wp-image-19366\" srcset=\"https:\/\/entretormentas.com\/wp-content\/uploads\/2025\/07\/oftal3-1024x683.jpeg 1024w, https:\/\/entretormentas.com\/wp-content\/uploads\/2025\/07\/oftal3-300x200.jpeg 300w, https:\/\/entretormentas.com\/wp-content\/uploads\/2025\/07\/oftal3-768x512.jpeg 768w, https:\/\/entretormentas.com\/wp-content\/uploads\/2025\/07\/oftal3.jpeg 1280w\" sizes=\"(max-width: 1024px) 100vw, 1024px\" \/><\/figure>\n\n\n\n<p>Detall\u00f3 que el plan tiene previsto atender entre 50 y 60 casos de cataratas por d\u00eda, con personal m\u00e9dico de alta calidad profesional. El plan incluye consulta preoperatoria, la intervenci\u00f3n quir\u00fargica, colocaci\u00f3n de los lentes intraoculares y el seguimiento postoperatorio.<\/p>\n\n\n\n<p>\u201cEl Plan Cayapa de la Salud se sigue desplegando en todos los municipios. Hoy aqu\u00ed con la familia policial, el pr\u00f3ximo fin de semana en el Sur del Lago y as\u00ed se va extendiendo la atenci\u00f3n de los casos que nos llegan a trav\u00e9s de la plataforma Venapp del 1 por 10 del Buen Gobierno, que el presidente Nicol\u00e1s Maduro ha dispuesto para todos los venezolanos y las venezolanas\u201d, acot\u00f3 el gobernador Caldera.<br><strong><em>ET \/ Nota de Prensa<\/em><\/strong><\/p>\n\n\n\n<p><\/p>\n","protected":false},"excerpt":{"rendered":"<p>ENTRE TORMENTAS. El gobernador del estado Zulia, Luis Caldera, inici\u00f3 este martes 15 de julio,&#8230;<\/p>\n","protected":false},"author":2,"featured_media":19367,"comment_status":"closed","ping_status":"open","sticky":false,"template":"","format":"standard","meta":{"footnotes":""},"categories":[57,1],"tags":[],"class_list":["post-19364","post","type-post","status-publish","format-standard","has-post-thumbnail","hentry","category-actualidad","category-regionales"],"_links":{"self":[{"href":"https:\/\/entretormentas.com\/index.php?rest_route=\/wp\/v2\/posts\/19364","targetHints":{"allow":["GET"]}}],"collection":[{"href":"https:\/\/entretormentas.com\/index.php?rest_route=\/wp\/v2\/posts"}],"about":[{"href":"https:\/\/entretormentas.com\/index.php?rest_route=\/wp\/v2\/types\/post"}],"author":[{"embeddable":true,"href":"https:\/\/entretormentas.com\/index.php?rest_route=\/wp\/v2\/users\/2"}],"replies":[{"embeddable":true,"href":"https:\/\/entretormentas.com\/index.php?rest_route=%2Fwp%2Fv2%2Fcomments&post=19364"}],"version-history":[{"count":1,"href":"https:\/\/entretormentas.com\/index.php?rest_route=\/wp\/v2\/posts\/19364\/revisions"}],"predecessor-version":[{"id":19368,"href":"https:\/\/entretormentas.com\/index.php?rest_route=\/wp\/v2\/posts\/19364\/revisions\/19368"}],"wp:featuredmedia":[{"embeddable":true,"href":"https:\/\/entretormentas.com\/index.php?rest_route=\/wp\/v2\/media\/19367"}],"wp:attachment":[{"href":"https:\/\/entretormentas.com\/index.php?rest_route=%2Fwp%2Fv2%2Fmedia&parent=19364"}],"wp:term":[{"taxonomy":"category","embeddable":true,"href":"https:\/\/entretormentas.com\/index.php?rest_route=%2Fwp%2Fv2%2Fcategories&post=19364"},{"taxonomy":"post_tag","embeddable":true,"href":"https:\/\/entretormentas.com\/index.php?rest_route=%2Fwp%2Fv2%2Ftags&post=19364"}],"curies":[{"name":"wp","href":"https:\/\/api.w.org\/{rel}","templated":true}]}}