{"id":19372,"date":"2025-07-16T10:13:57","date_gmt":"2025-07-16T08:13:57","guid":{"rendered":"https:\/\/entretormentas.com\/?p=19372"},"modified":"2025-07-16T10:13:58","modified_gmt":"2025-07-16T08:13:58","slug":"de-cara-al-27-j-el-mas-llama-a-reflexionar-y-unificar-candidaturas-opositoras","status":"publish","type":"post","link":"https:\/\/entretormentas.com\/de-cara-al-27-j-el-mas-llama-a-reflexionar-y-unificar-candidaturas-opositoras\/","title":{"rendered":"\u00a1DE CARA AL 27-J! El MAS llama a reflexionar y unificar candidaturas opositoras"},"content":{"rendered":"\n<p><strong>ENTRE TORMENTAS. <\/strong>La vicepresidenta nacional del MAS, Mar\u00eda Verdeal, llam\u00f3 a participar, defender los espacios y la calidad de vida durante las elecciones municipales convocadas por el Consejo Nacional Electoral (CNE) para el pr\u00f3ximo 27 de julio, donde ser\u00e1n electos 335 alcaldes y m\u00e1s de 2.000 concejales en todo el pa\u00eds.<\/p>\n\n\n\n<p>\u201cA pesar del des\u00e1nimo y la desconexi\u00f3n de la dirigencia pol\u00edtica con la sociedad venezolana, nosotros seguiremos levantando las banderas del ejercicio democr\u00e1tico del sufragio. A\u00fan en las peores circunstancias y adversidad, es necesario participar\u201d.<\/p>\n\n\n\n<p>La dirigente pol\u00edtica se\u00f1al\u00f3 que no se deben repetir los errores del pasado 25 de mayo, donde la baja participaci\u00f3n ciudadana permiti\u00f3 que una minor\u00eda se impusiera y ocupara la mayor\u00eda de los espacios en la Asamblea Nacional y gobernaciones del pa\u00eds.<\/p>\n\n\n\n<p>Resalt\u00f3 que para estas pr\u00f3ximas elecciones tambi\u00e9n pudiera jugar en contra la multiplicidad de candidaturas opositoras, aun cuando todos los sectores democr\u00e1ticos hab\u00edan acordado apoyar como prioridad a todos aquellos alcaldes que decidieran participar para ser reelectos en el cargo.<\/p>\n\n\n\n<p>Verdeal se\u00f1al\u00f3 que, aunque todos los dirigentes est\u00e1n en su leg\u00edtimo derecho a optar por un cargo p\u00fablico de elecci\u00f3n popular, los intereses de los municipios tienen que ser colocados como prioridad a fin de conservar los espacios entre los sectores opositores.<\/p>\n\n\n\n<p>\u201cLos intereses de un partido pol\u00edtico, los intereses o diferencias entre la dirigencia pol\u00edtica no pueden estar por encima del municipio\u201d, reiter\u00f3.<\/p>\n\n\n\n<p>A\u00f1adi\u00f3 que, sumado al ventajismo, la premura y la falta de informaci\u00f3n por parte del CNE, tambi\u00e9n la multiplicidad de candidaturas pone en peligro las m\u00e1s de 100 alcald\u00edas que se encuentra actualmente en manos de los partidos de oposici\u00f3n.<\/p>\n\n\n\n<p>La dirigente de la tolda naranja insisti\u00f3 en que todav\u00eda hay oportunidad de brindarle a los electores una opci\u00f3n real y ganadora, por lo que hizo un llamado a los partidos pol\u00edticos que han postulado a corregir, retirar sus candidaturas y apoyar la opci\u00f3n con mayor posibilidad de triunfo.<\/p>\n\n\n\n<p>Mar\u00eda Verdeal llam\u00f3 a reflexionar en dos casos en el Estado Miranda. En el municipio Carrizal donde el alcalde en ejercicio Jos\u00e9 \u201cChonch\u00f3n\u201d Morales es candidato a la reelecci\u00f3n, pero tambi\u00e9n se encuentra postulado el exalcalde Jos\u00e9 Luis Rodr\u00edguez con la tarjeta de Fuerza Vecinal.<\/p>\n\n\n\n<p>No obstante, agreg\u00f3 que en el caso del Municipio Crist\u00f3bal Rojas (Charallave) quien tiene mayor posibilidad de ganar es el candidato de Fuerza Vecinal, Jos\u00e9 Silva, pero tambi\u00e9n se encuentra postulado por Uni\u00f3n y Cambio el exalcalde Antonio Jos\u00e9 Hern\u00e1ndez.<\/p>\n\n\n\n<p>\u201cHacemos este llamado sin se\u00f1alamientos o cr\u00edticas de tipo personal a quienes estamos mencionando, lo hacemos como reflexi\u00f3n y de la manera m\u00e1s sincera para lograr el triunfo en los municipios Carrizal y Crist\u00f3bal Rojas\u201d.<\/p>\n\n\n\n<p>Por \u00faltimo, Verdeal lament\u00f3 el fallecimiento del fundador del MAS, Jos\u00e9 G\u00f3mez Febres y la dirigente de Acci\u00f3n Democr\u00e1tica, Paulina Gamus, extendiendo sus condolencias a los familiares, amigos y militantes de dichas organizaciones pol\u00edticas por tan sensibles perdidas.<br><strong><em>ET \/ Prensa MAS<\/em><\/strong><\/p>\n\n\n\n<p><\/p>\n","protected":false},"excerpt":{"rendered":"<p>ENTRE TORMENTAS. La vicepresidenta nacional del MAS, Mar\u00eda Verdeal, llam\u00f3 a participar, defender los espacios&#8230;<\/p>\n","protected":false},"author":2,"featured_media":19373,"comment_status":"closed","ping_status":"open","sticky":false,"template":"","format":"standard","meta":{"footnotes":""},"categories":[56,49],"tags":[],"class_list":["post-19372","post","type-post","status-publish","format-standard","has-post-thumbnail","hentry","category-destacadas","category-nacionales"],"_links":{"self":[{"href":"https:\/\/entretormentas.com\/index.php?rest_route=\/wp\/v2\/posts\/19372","targetHints":{"allow":["GET"]}}],"collection":[{"href":"https:\/\/entretormentas.com\/index.php?rest_route=\/wp\/v2\/posts"}],"about":[{"href":"https:\/\/entretormentas.com\/index.php?rest_route=\/wp\/v2\/types\/post"}],"author":[{"embeddable":true,"href":"https:\/\/entretormentas.com\/index.php?rest_route=\/wp\/v2\/users\/2"}],"replies":[{"embeddable":true,"href":"https:\/\/entretormentas.com\/index.php?rest_route=%2Fwp%2Fv2%2Fcomments&post=19372"}],"version-history":[{"count":1,"href":"https:\/\/entretormentas.com\/index.php?rest_route=\/wp\/v2\/posts\/19372\/revisions"}],"predecessor-version":[{"id":19374,"href":"https:\/\/entretormentas.com\/index.php?rest_route=\/wp\/v2\/posts\/19372\/revisions\/19374"}],"wp:featuredmedia":[{"embeddable":true,"href":"https:\/\/entretormentas.com\/index.php?rest_route=\/wp\/v2\/media\/19373"}],"wp:attachment":[{"href":"https:\/\/entretormentas.com\/index.php?rest_route=%2Fwp%2Fv2%2Fmedia&parent=19372"}],"wp:term":[{"taxonomy":"category","embeddable":true,"href":"https:\/\/entretormentas.com\/index.php?rest_route=%2Fwp%2Fv2%2Fcategories&post=19372"},{"taxonomy":"post_tag","embeddable":true,"href":"https:\/\/entretormentas.com\/index.php?rest_route=%2Fwp%2Fv2%2Ftags&post=19372"}],"curies":[{"name":"wp","href":"https:\/\/api.w.org\/{rel}","templated":true}]}}